{"id":72119,"date":"2025-09-15T10:04:06","date_gmt":"2025-09-15T10:04:06","guid":{"rendered":"https:\/\/www.europesays.com\/pt\/72119\/"},"modified":"2025-09-15T10:04:06","modified_gmt":"2025-09-15T10:04:06","slug":"e-se-pudesse-trocar-os-seus-oculos-de-leitura-por-umas-gotas","status":"publish","type":"post","link":"https:\/\/www.europesays.com\/pt\/72119\/","title":{"rendered":"E se pudesse trocar os seus \u00f3culos de leitura por umas gotas?"},"content":{"rendered":"<p>Um novo estudo refor\u00e7a que pode ser poss\u00edvel trocar os \u00f3culos de leitura por umas gotas especiais, usadas duas a tr\u00eas vezes por dia, conforme necessidade.<\/p>\n<p><a target=\"_blank\" href=\"https:\/\/pplware.sapo.pt\/wp-content\/uploads\/2025\/09\/ver_visao_oculos-3.jpg\" onclick=\"refreshIframe()\" class=\"foobox\" rel=\"nofollow noopener\"><img fetchpriority=\"high\" decoding=\"async\" src=\"https:\/\/www.europesays.com\/pt\/wp-content\/uploads\/2025\/09\/ver_visao_oculos-3-720x405.jpg\" alt=\"\" width=\"720\" height=\"405\" class=\"aligncenter size-medium wp-image-1078117\"  \/><\/a>\n<\/p>\n<p>Um estudo com 766 pacientes concluiu que a maioria deles conseguia ler duas, tr\u00eas ou mais linhas no quadro oftalmol\u00f3gico usado para testar a clareza visual de perto (teste de Jaeger), ap\u00f3s usar col\u00edrios especialmente formulados. A melhoria detetada manteve-se por at\u00e9 dois anos.<\/p>\n<p>A investiga\u00e7\u00e3o foi apresentada, ontem, dia 14 de setembro, no 43.\u00ba Congresso da Sociedade Europeia de Cirurgi\u00f5es de Catarata e Refra\u00e7\u00e3o (<a target=\"_blank\" href=\"https:\/\/www.escrs.org\/\" rel=\"nofollow noopener\">ESCRS<\/a>).<\/p>\n<p>&#8220;Gotas duas a tr\u00eas vezes por dia nem sabe a vis\u00e3o que lhe daria&#8221;!<\/p>\n<p>Todas as pessoas desenvolvem presbiopia \u00e0 medida que envelhecem \u2013 uma dificuldade em focar objetos e textos pr\u00f3ximos \u2013 e, muitas vezes, t\u00eam de recorrer a \u00f3culos de leitura.<\/p>\n<p>Para estes casos, no entanto, a solu\u00e7\u00e3o pode ser t\u00e3o simples quanto usar umas gotas, especialmente formuladas, duas a tr\u00eas vezes por dia.<\/p>\n<blockquote>\n<p>Realiz\u00e1mos esta investiga\u00e7\u00e3o devido \u00e0 significativa necessidade m\u00e9dica n\u00e3o satisfeita no tratamento da presbiopia. As solu\u00e7\u00f5es atuais, como \u00f3culos de leitura ou interven\u00e7\u00f5es cir\u00fargicas, t\u00eam limita\u00e7\u00f5es, incluindo inconvenientes, desconforto social e riscos ou complica\u00e7\u00f5es potenciais.<\/p>\n<\/blockquote>\n<p>Contextualizou Giovanna Benozzi, diretora do Centro de Investiga\u00e7\u00e3o Avan\u00e7ada para a Presbiopia, em Buenos Aires, na Argentina, explicando que o foco da sua equipa est\u00e1 no grupo de pacientes com presbiopia que t\u00eam op\u00e7\u00f5es limitadas al\u00e9m dos \u00f3culos e que n\u00e3o s\u00e3o candidatos \u00e0 cirurgia.<\/p>\n<p><a target=\"_blank\" href=\"https:\/\/pplware.sapo.pt\/wp-content\/uploads\/2025\/08\/adulto_com_oculos-1.jpg\" onclick=\"refreshIframe()\" class=\"foobox\" rel=\"nofollow noopener\"><img loading=\"lazy\" decoding=\"async\" src=\"https:\/\/www.europesays.com\/pt\/wp-content\/uploads\/2025\/08\/adulto_com_oculos-1-720x405.jpg\" alt=\"\" width=\"720\" height=\"405\" class=\"aligncenter size-medium wp-image-1075522\"  \/><\/a><\/p>\n<p>A equipa procura &#8220;fornecer evid\u00eancias cl\u00ednicas robustas&#8221;, por forma a entregar uma solu\u00e7\u00e3o inovadora, n\u00e3o invasiva, conveniente e eficaz.<\/p>\n<p>Conforme <a target=\"_blank\" href=\"https:\/\/www.escrs.org\/channels\/news\/could-we-use-eye-drops-instead-of-reading-glasses-as-we-age\" rel=\"nofollow noopener\">partilhado<\/a>, os col\u00edrios, desenvolvidos pelo pai de Giovanna Benozzi, o falecido Jorge Benozzi, do mesmo centro, cont\u00eam uma combina\u00e7\u00e3o de dois agentes ativos:<\/p>\n<ul>\n<li>Pilocarpina, um medicamento que contrai as pupilas e o m\u00fasculo ciliar, que \u00e9 um m\u00fasculo que controla a acomoda\u00e7\u00e3o do olho para ver objetos a dist\u00e2ncias variadas;<\/li>\n<li>Diclofenaco, um medicamento anti-inflamat\u00f3rio n\u00e3o esteroide (em ingl\u00eas, NSAID) que reduz a inflama\u00e7\u00e3o e o desconforto que a pilocarpina frequentemente causa.<\/li>\n<\/ul>\n<p>Os pacientes do estudo administraram o col\u00edrio duas vezes ao dia, geralmente ao acordar e de novo aproximadamente seis horas depois, com uma terceira dose opcional se os sintomas reaparecessem ou fosse necess\u00e1rio um conforto visual adicional.<\/p>\n<p>O grupo de pacientes (373 mulheres e 393 homens, com idade m\u00e9dia de 55 anos) foi dividido em tr\u00eas grupos para receber uma das tr\u00eas formula\u00e7\u00f5es de col\u00edrio. Cada formula\u00e7\u00e3o tinha uma dose fixa de diclofenaco, mas as concentra\u00e7\u00f5es de pilocarpina variavam entre 1%, 2% e 3%.<\/p>\n<p>Os investigadores avaliaram, ent\u00e3o, a melhoria na capacidade dos pacientes de lerem o quadro de Jaeger sem \u00f3culos de leitura (acuidade, ou clareza, visual de perto n\u00e3o corrigida) uma hora ap\u00f3s a primeira administra\u00e7\u00e3o dos col\u00edrios e acompanharam os pacientes durante dois anos.<\/p>\n<blockquote>\n<p>O nosso resultado mais significativo mostrou melhorias r\u00e1pidas e sustentadas na vis\u00e3o de perto para todas as tr\u00eas concentra\u00e7\u00f5es. Uma hora ap\u00f3s receberem as primeiras gotas, os pacientes tiveram uma melhora m\u00e9dia de 3,45 linhas de Jaeger. O tratamento melhorou, tamb\u00e9m, o foco em todas as dist\u00e2ncias.<\/p>\n<p>Impressionantemente, 99% dos 148 pacientes no grupo de 1% de pilocarpina alcan\u00e7aram a vis\u00e3o de perto ideal e foram capazes de ler duas ou mais linhas extras. Aproximadamente 83% de todos os pacientes mantiveram uma boa vis\u00e3o de perto funcional aos 12 meses.<\/p>\n<\/blockquote>\n<p>Partilhou Benozzi, no Congresso, ressalvando que &#8220;n\u00e3o foram observados eventos adversos significativos, como aumento da press\u00e3o intraocular ou descolamento da retina&#8221;.<\/p>\n<p><a target=\"_blank\" href=\"https:\/\/pplware.sapo.pt\/wp-content\/uploads\/2025\/09\/Jaeger_eye_chart.jpg\" onclick=\"refreshIframe()\" class=\"foobox\" rel=\"nofollow noopener\"><img loading=\"lazy\" decoding=\"async\" aria-describedby=\"caption-attachment-1078864\" src=\"https:\/\/www.europesays.com\/pt\/wp-content\/uploads\/2025\/09\/Jaeger_eye_chart-526x720.jpg\" alt=\"Jaeger eye chart, ou o quadro de Jaeger.\" width=\"526\" height=\"720\" class=\"wp-image-1078864 size-medium\"  \/><\/a><\/p>\n<p id=\"caption-attachment-1078864\" class=\"wp-caption-text\">Jaeger eye chart, ou o quadro de Jaeger.<\/p>\n<p>No grupo de 2%, 69% dos 248 pacientes conseguiram ler tr\u00eas ou mais linhas adicionais no quadro de Jaeger e, no grupo de 3%, 84% dos 370 pacientes conseguiram ler tr\u00eas ou mais linhas adicionais.<\/p>\n<p>A melhoria na vis\u00e3o dos pacientes foi mantida por at\u00e9 dois anos, com uma dura\u00e7\u00e3o m\u00e9dia de 434 dias.<\/p>\n<p>Entretanto, os efeitos colaterais adversos foram leves, sendo os mais comuns vis\u00e3o turva tempor\u00e1ria, que ocorreu em 32% dos casos, irrita\u00e7\u00e3o ao aplicar as gotas (3,7%) e dor de cabe\u00e7a (3,8%). Nenhum paciente interrompeu o tratamento.<\/p>\n<blockquote>\n<p>Quase todos os pacientes apresentaram melhorias positivas na acuidade visual de perto, embora a magnitude da melhoria dependesse do estado da sua vis\u00e3o antes do tratamento.<\/p>\n<\/blockquote>\n<p>Explicou a diretora do centro de investiga\u00e7\u00e3o argentino, partilhando que o estudo mostrou que &#8220;as concentra\u00e7\u00f5es ideais de pilocarpina podem ser individualizadas, dependendo da gravidade da presbiopia no in\u00edcio do estudo, avaliada pelos resultados iniciais do teste de Jaeger&#8221;.<\/p>\n<p>Afinal, &#8220;os pacientes com presbiopia menos grave responderam melhor \u00e0s concentra\u00e7\u00f5es de 1%, enquanto aqueles com presbiopia mais avan\u00e7ada necessitaram de concentra\u00e7\u00f5es mais elevadas, de 2% ou 3%, para obter uma melhoria visual significativa&#8221;.<\/p>\n<p><a target=\"_blank\" href=\"https:\/\/pplware.sapo.pt\/wp-content\/uploads\/2025\/09\/ver_visao_oculos-4.jpg\" onclick=\"refreshIframe()\" class=\"foobox\" rel=\"nofollow noopener\"><img loading=\"lazy\" decoding=\"async\" src=\"https:\/\/www.europesays.com\/pt\/wp-content\/uploads\/2025\/09\/ver_visao_oculos-4-720x405.jpg\" alt=\"\" width=\"720\" height=\"405\" class=\"aligncenter size-medium wp-image-1078116\"  \/><\/a><\/p>\n<p>Tratamento com gotas \u00e9 uma alternativa aos \u00f3culos e \u00e0 cirurgia<\/p>\n<p>Segundo a equipa, pela voz de Benozzi, no Congresso, &#8220;os resultados sugerem que esta terapia combinada oferece uma alternativa segura, eficaz e bem tolerada ao tratamento tradicional da presbiopia&#8221;.<\/p>\n<p>As gotas especialmente formuladas &#8220;reduzem significativamente a depend\u00eancia de \u00f3culos de leitura&#8221;, proporcionando uma op\u00e7\u00e3o conveniente e n\u00e3o invasiva para os pacientes, embora estes col\u00edrios possam n\u00e3o eliminar a necessidade de \u00f3culos em todos os indiv\u00edduos.<\/p>\n<p>Apesar de promissor, a diretora alertou que o tratamento n\u00e3o se destina a substituir interven\u00e7\u00f5es cir\u00fargicas, mas a &#8220;servir como uma solu\u00e7\u00e3o valiosa para pacientes que precisam de alternativas seguras, eficazes e personalizadas&#8221;, e procuram &#8220;livrar-se do inc\u00f3modo dos \u00f3culos&#8221;.<\/p>\n<p>Agora, &#8220;os profissionais de sa\u00fade ocular t\u00eam uma op\u00e7\u00e3o farmacol\u00f3gica baseada em evid\u00eancias que amplia o espetro do tratamento da presbiopia al\u00e9m dos \u00f3culos e da cirurgia&#8221;.<\/p>\n<p>Est\u00e3o a ser criadas outras solu\u00e7\u00f5es para o tratamento de presbiopia<\/p>\n<p>Em julho, a norte-americana Food and Drug Administration (FDA) aprovou o VIZZ da LENZ Therapeutics, o primeiro e \u00fanico col\u00edrio \u00e0 base de aceclidina aprovado pela autoridade reguladora para o tratamento da presbiopia em adultos.<\/p>\n<p>Conforme <a target=\"_blank\" href=\"https:\/\/pplware.sapo.pt\/ciencia\/gotas-inovadoras-permitem-ler-sem-oculos-durante-10-horas\/\" rel=\"nofollow noopener\">inform\u00e1mos<\/a>, de forma simplificada, esta aprova\u00e7\u00e3o &#8220;representa uma melhoria transformadora nas op\u00e7\u00f5es de tratamento dispon\u00edveis para os 128 milh\u00f5es de adultos que vivem com vis\u00e3o turva de perto&#8221;.<\/p>\n<p>\u00a0<\/p>\n<p><strong>Recorde:<\/strong><\/p>\n","protected":false},"excerpt":{"rendered":"Um novo estudo refor\u00e7a que pode ser poss\u00edvel trocar os \u00f3culos de leitura por umas gotas especiais, usadas&hellip;\n","protected":false},"author":2,"featured_media":72120,"comment_status":"","ping_status":"","sticky":false,"template":"","format":"standard","meta":{"footnotes":""},"categories":[86],"tags":[116,879,10820,32,7715,33,117,4101],"class_list":{"0":"post-72119","1":"post","2":"type-post","3":"status-publish","4":"format-standard","5":"has-post-thumbnail","7":"category-saude","8":"tag-health","9":"tag-leitura","10":"tag-oculos","11":"tag-portugal","12":"tag-presbiopia","13":"tag-pt","14":"tag-saude","15":"tag-visao"},"share_on_mastodon":{"url":"","error":""},"_links":{"self":[{"href":"https:\/\/www.europesays.com\/pt\/wp-json\/wp\/v2\/posts\/72119","targetHints":{"allow":["GET"]}}],"collection":[{"href":"https:\/\/www.europesays.com\/pt\/wp-json\/wp\/v2\/posts"}],"about":[{"href":"https:\/\/www.europesays.com\/pt\/wp-json\/wp\/v2\/types\/post"}],"author":[{"embeddable":true,"href":"https:\/\/www.europesays.com\/pt\/wp-json\/wp\/v2\/users\/2"}],"replies":[{"embeddable":true,"href":"https:\/\/www.europesays.com\/pt\/wp-json\/wp\/v2\/comments?post=72119"}],"version-history":[{"count":0,"href":"https:\/\/www.europesays.com\/pt\/wp-json\/wp\/v2\/posts\/72119\/revisions"}],"wp:featuredmedia":[{"embeddable":true,"href":"https:\/\/www.europesays.com\/pt\/wp-json\/wp\/v2\/media\/72120"}],"wp:attachment":[{"href":"https:\/\/www.europesays.com\/pt\/wp-json\/wp\/v2\/media?parent=72119"}],"wp:term":[{"taxonomy":"category","embeddable":true,"href":"https:\/\/www.europesays.com\/pt\/wp-json\/wp\/v2\/categories?post=72119"},{"taxonomy":"post_tag","embeddable":true,"href":"https:\/\/www.europesays.com\/pt\/wp-json\/wp\/v2\/tags?post=72119"}],"curies":[{"name":"wp","href":"https:\/\/api.w.org\/{rel}","templated":true}]}}