{"id":72177,"date":"2025-09-15T11:02:08","date_gmt":"2025-09-15T11:02:08","guid":{"rendered":"https:\/\/www.europesays.com\/pt\/72177\/"},"modified":"2025-09-15T11:02:08","modified_gmt":"2025-09-15T11:02:08","slug":"vem-ai-em-a-fazenda-depois-de-mentir-a-policia-leonor-esta-metida-em-sarilhos-novelas","status":"publish","type":"post","link":"https:\/\/www.europesays.com\/pt\/72177\/","title":{"rendered":"Vem a\u00ed em \u00abA Fazenda\u00bb: Depois de mentir \u00e0 pol\u00edcia, Leonor est\u00e1 metida em sarilhos &#8211; Novelas"},"content":{"rendered":"<p>Em \u00abA Fazenda\u00bb, Inspetores mostram a <a href=\"http:\/\/miguel%20(diogo%20infante)\/\" target=\"_blank\" wbo-id=\"52\" rel=\"nofollow\"><strong data-end=\"189\" data-start=\"163\">Miguel (Diogo Infante)<\/strong><\/a>\u00a0e <a href=\"https:\/\/tvi.iol.pt\/novelas\/videos\/leonor-esta-fora-de-si-e-exige-a-alba-diz-me-onde-e-que-esta-a-eva-ou-eu-chamo-a-policia\/67d45e150cf216cd3ad3375c\" wbo-id=\"51\" rel=\"nofollow noopener\" target=\"_blank\">Leonor (Dalila Carmo)<\/a>\u00a0a c\u00f3pia do bilhete que Bianca enviou a <a href=\"https:\/\/tvi.iol.pt\/novelas\/ator\/alba-meireles\/67348fd7d34e94b829075f7d\" target=\"_blank\" rel=\"nofollow noopener\">Alba (S\u00e3o Jos\u00e9 Correia)<\/a>\u00a0a revelar que foi Leonor a respons\u00e1vel pela morte de Rita, estando ali um motivo forte para Miguel poder ter matado Bianca. Miguel contrap\u00f5e de pronto que <a href=\"https:\/\/tvi.iol.pt\/novelas\/videos\/bianca-e-mafalda-fazem-as-pazes\/6790fcee0cf28c51602e5d27\" rel=\"nofollow noopener\" target=\"_blank\">Bianca (Raquel Tillo)<\/a>\u00a0sempre culpabilizou Leonor sem raz\u00e3o, tendo chegado a fazer a irm\u00e3 perder um beb\u00e9. Leonor fica aflita por os pol\u00edcias a avisarem que n\u00e3o vai poder ausentar-se do pa\u00eds.<\/p>\n<p>Miguel diz a Leonor que teve mesmo de ripostar o ataque de Alba contando aos pol\u00edcias que foi ela que a fez perder o beb\u00e9 para se defenderem dela, e t\u00eam de manter que n\u00e3o est\u00e3o envolvidos na morte de Rita para n\u00e3o haver motivo para a morte de Bianca. Leonor continua angustiada por n\u00e3o poder ir ter com <a href=\"https:\/\/tvi.iol.pt\/novelas\/videos\/para-ele-retirar-a-queixa-tu-prometeste-que-te-afastavas-de-mim\/67924a3a0cf216cd3ad316a6\" wbo-id=\"52\" rel=\"nofollow noopener\" target=\"_blank\">Gaspar (Nuno Lopes<\/a>) a Angola. Miguel disfar\u00e7a a sua satisfa\u00e7\u00e3o.<\/p>\n<p>Recorde-se que Leonor mentiu \u00e0 pol\u00edcia:<\/p>\n","protected":false},"excerpt":{"rendered":"Em \u00abA Fazenda\u00bb, Inspetores mostram a Miguel (Diogo Infante)\u00a0e Leonor (Dalila Carmo)\u00a0a c\u00f3pia do bilhete que Bianca enviou&hellip;\n","protected":false},"author":2,"featured_media":72178,"comment_status":"","ping_status":"","sticky":false,"template":"","format":"standard","meta":{"footnotes":""},"categories":[142],"tags":[657,160,166,3971,656,114,115,157,167,164,3972,659,161,158,165,159,32,33,156,163,151,162],"class_list":{"0":"post-72177","1":"post","2":"type-post","3":"status-publish","4":"format-standard","5":"has-post-thumbnail","7":"category-tv","8":"tag-a-fazenda","9":"tag-ana-guiomar","10":"tag-cristina-ferreira","11":"tag-dalila-carmo","12":"tag-diogo-infante","13":"tag-entertainment","14":"tag-entretenimento","15":"tag-festa-e-festa","16":"tag-ficcao","17":"tag-jose-fidalgo","18":"tag-leonor","19":"tag-miguel","20":"tag-novelas","21":"tag-para-sempre","22":"tag-pedro-sousa","23":"tag-pedro-teixeira","24":"tag-portugal","25":"tag-pt","26":"tag-queridos-papas","27":"tag-tiago-teotonio-pereira","28":"tag-tv","29":"tag-tvi"},"share_on_mastodon":{"url":"","error":""},"_links":{"self":[{"href":"https:\/\/www.europesays.com\/pt\/wp-json\/wp\/v2\/posts\/72177","targetHints":{"allow":["GET"]}}],"collection":[{"href":"https:\/\/www.europesays.com\/pt\/wp-json\/wp\/v2\/posts"}],"about":[{"href":"https:\/\/www.europesays.com\/pt\/wp-json\/wp\/v2\/types\/post"}],"author":[{"embeddable":true,"href":"https:\/\/www.europesays.com\/pt\/wp-json\/wp\/v2\/users\/2"}],"replies":[{"embeddable":true,"href":"https:\/\/www.europesays.com\/pt\/wp-json\/wp\/v2\/comments?post=72177"}],"version-history":[{"count":0,"href":"https:\/\/www.europesays.com\/pt\/wp-json\/wp\/v2\/posts\/72177\/revisions"}],"wp:featuredmedia":[{"embeddable":true,"href":"https:\/\/www.europesays.com\/pt\/wp-json\/wp\/v2\/media\/72178"}],"wp:attachment":[{"href":"https:\/\/www.europesays.com\/pt\/wp-json\/wp\/v2\/media?parent=72177"}],"wp:term":[{"taxonomy":"category","embeddable":true,"href":"https:\/\/www.europesays.com\/pt\/wp-json\/wp\/v2\/categories?post=72177"},{"taxonomy":"post_tag","embeddable":true,"href":"https:\/\/www.europesays.com\/pt\/wp-json\/wp\/v2\/tags?post=72177"}],"curies":[{"name":"wp","href":"https:\/\/api.w.org\/{rel}","templated":true}]}}