{"id":72317,"date":"2025-09-15T12:59:11","date_gmt":"2025-09-15T12:59:11","guid":{"rendered":"https:\/\/www.europesays.com\/pt\/72317\/"},"modified":"2025-09-15T12:59:11","modified_gmt":"2025-09-15T12:59:11","slug":"lista-de-portugues-foi-a-mais-votada-nas-eleicoes-legislativas-de-macau-china","status":"publish","type":"post","link":"https:\/\/www.europesays.com\/pt\/72317\/","title":{"rendered":"Lista de portugu\u00eas foi a mais votada nas elei\u00e7\u00f5es legislativas de Macau | China"},"content":{"rendered":"<p>A lista encabe\u00e7ada pelo deputado portugu\u00eas Jos\u00e9 Pereira Coutinho foi a mais votada nas elei\u00e7\u00f5es por sufr\u00e1gio directo para a Assembleia Legislativa de Macau, que decorreram este domingo, segundo os resultados oficiais.<\/p>\n<p>De acordo com o portal da Comiss\u00e3o de Assuntos Eleitorais da Assembleia Legislativa (CAEAL), a lista \u201cNova Esperan\u00e7a\u201d recebeu quase 43.400 votos (26,7% do total) e conseguiu tr\u00eas dos 12 lugares que estavam em disputa.<\/p>\n<p>Por outro lado, apesar da taxa de participa\u00e7\u00e3o ter disparado face \u00e0 \u00faltima elei\u00e7\u00e3o, em 2021, o n\u00famero de votos nulos ou em branco mais que duplicou, ultrapassando 13 mil, depois da desqualifica\u00e7\u00e3o de duas listas por falta de patriotismo.<\/p>\n<p>        &#13;<\/p>\n<p>&#13;<br \/>\n                &#13;\n            <\/p>\n<p>&#13;<\/p>\n<p>Quase 53,4% dos 328.500 eleitores participaram este domingo nas elei\u00e7\u00f5es, mais 11 pontos percentuais do que h\u00e1 cinco anos. A participa\u00e7\u00e3o ficou, ainda assim, aqu\u00e9m do m\u00e1ximo hist\u00f3rico de 59,9%, fixado em 2009, elei\u00e7\u00f5es em que concorreram tr\u00eas listas <a href=\"https:\/\/www.publico.pt\/2025\/08\/01\/mundo\/noticia\/prisao-preventiva-exdeputado-macau-suspeito-actos-seguranca-estado-2142553\" target=\"_blank\" rel=\"nofollow noopener\">pr\u00f3-democracia<\/a>.<\/p>\n<p>Por outro lado, o total de votantes foi o mais alto de sempre, uma vez que tamb\u00e9m o n\u00famero de eleitores registou um novo m\u00e1ximo.<\/p>\n<p>H\u00e1 cinco anos, Macau registou a maior absten\u00e7\u00e3o desde que foi criada a regi\u00e3o administrativa especial chinesa (57,6%) e mais de 5200 pessoas votaram em branco ou nulo, ap\u00f3s a CAEAL ter exclu\u00eddo cinco listas e 21 candidatos, 15 dos quais pr\u00f3-democracia.<\/p>\n<p>Este ano, concorreram seis listas pelo sufr\u00e1gio directo, menos oito do que em 2021 e o n\u00famero mais baixo desde 1988, altura em que o Parlamento de Macau integrava apenas cinco deputados escolhidos por vota\u00e7\u00e3o directa.<\/p>\n<p>A Comiss\u00e3o da Defesa da Seguran\u00e7a do Estado, cujo presidente \u00e9, por iner\u00eancia, Sam Hou Fai, chefe do Governo, excluiu em Julho todos os 12 candidatos de duas listas, considerando-os \u201cn\u00e3o defensores da Lei B\u00e1sica ou n\u00e3o fi\u00e9is \u00e0 RAEM [<a href=\"https:\/\/www.publico.pt\/2024\/12\/19\/mundo\/noticia\/macau-vive-evolucao-extraordinaria-economia-degradacao-grosseira-liberdade-2116217\" target=\"_blank\" rel=\"nofollow noopener\">Regi\u00e3o Administrativa Especial de Macau<\/a>]\u201d.<\/p>\n<p>A desqualifica\u00e7\u00e3o atingiu a lista \u201cFor\u00e7a da Livelihood Popular em Macau\u201d, liderada pelo assistente social Alberto Wong, que concorria pela primeira vez \u00e0 Assembleia Legislativa.<\/p>\n<p>        &#13;<\/p>\n<p>&#13;<br \/>\n                &#13;\n            <\/p>\n<p>&#13;<\/p>\n<p>A outra lista exclu\u00edda foi a \u201cPoder da Sinergia\u201d, liderada pelo at\u00e9 agora deputado Ron Lam U Tou e uma das poucas vozes cr\u00edticas do executivo na Assembleia, que nas \u00faltimas elei\u00e7\u00f5es, em 2021, tinha sido a s\u00e9tima mais votada, com 8764 votos.<\/p>\n<p>Os residentes da regi\u00e3o semiaut\u00f3noma chinesa, antiga col\u00f3nia portuguesa, <a href=\"https:\/\/www.publico.pt\/2025\/09\/10\/politica\/noticia\/montenegro-optimista-solucao-restricoes-residencia-portugueses-macau-2146638\" target=\"_blank\" rel=\"nofollow noopener\">visitada recentemente pelo primeiro-ministro, Lu\u00eds Montenegro<\/a>, foram \u00e0s urnas para eleger, por sufr\u00e1gio directo, 12 dos 33 deputados.<\/p>\n<p>Os outros s\u00e3o escolhidos por sufr\u00e1gio indirecto, atrav\u00e9s de associa\u00e7\u00f5es, em cinco sectores: industrial, comercial e financeiro; trabalhadores; profissionais liberais; servi\u00e7os sociais e educacional; e cultural e desportivo. No sufr\u00e1gio indirecto, votaram 88,1% dos mais de 7500 representantes de associa\u00e7\u00f5es, embora apenas um dos sectores tenha tido mais de uma lista de candidatos.<\/p>\n<p>Sete deputados ser\u00e3o mais tarde nomeados pelo l\u00edder do Governo macaense, Sam Hou-fai.<\/p>\n","protected":false},"excerpt":{"rendered":"A lista encabe\u00e7ada pelo deputado portugu\u00eas Jos\u00e9 Pereira Coutinho foi a mais votada nas elei\u00e7\u00f5es por sufr\u00e1gio directo&hellip;\n","protected":false},"author":2,"featured_media":72318,"comment_status":"","ping_status":"","sticky":false,"template":"","format":"standard","meta":{"footnotes":""},"categories":[50],"tags":[367,27,28,358,2258,15,16,14,25,26,15366,21,22,62,12,13,19,20,23,24,17,18,29,30,31,63,64,65],"class_list":{"0":"post-72317","1":"post","2":"type-post","3":"status-publish","4":"format-standard","5":"has-post-thumbnail","7":"category-mundo","8":"tag-asia","9":"tag-breaking-news","10":"tag-breakingnews","11":"tag-china","12":"tag-eleicoes","13":"tag-featured-news","14":"tag-featurednews","15":"tag-headlines","16":"tag-latest-news","17":"tag-latestnews","18":"tag-macau","19":"tag-main-news","20":"tag-mainnews","21":"tag-mundo","22":"tag-news","23":"tag-noticias","24":"tag-noticias-principais","25":"tag-noticiasprincipais","26":"tag-principais-noticias","27":"tag-principaisnoticias","28":"tag-top-stories","29":"tag-topstories","30":"tag-ultimas","31":"tag-ultimas-noticias","32":"tag-ultimasnoticias","33":"tag-world","34":"tag-world-news","35":"tag-worldnews"},"share_on_mastodon":{"url":"","error":""},"_links":{"self":[{"href":"https:\/\/www.europesays.com\/pt\/wp-json\/wp\/v2\/posts\/72317","targetHints":{"allow":["GET"]}}],"collection":[{"href":"https:\/\/www.europesays.com\/pt\/wp-json\/wp\/v2\/posts"}],"about":[{"href":"https:\/\/www.europesays.com\/pt\/wp-json\/wp\/v2\/types\/post"}],"author":[{"embeddable":true,"href":"https:\/\/www.europesays.com\/pt\/wp-json\/wp\/v2\/users\/2"}],"replies":[{"embeddable":true,"href":"https:\/\/www.europesays.com\/pt\/wp-json\/wp\/v2\/comments?post=72317"}],"version-history":[{"count":0,"href":"https:\/\/www.europesays.com\/pt\/wp-json\/wp\/v2\/posts\/72317\/revisions"}],"wp:featuredmedia":[{"embeddable":true,"href":"https:\/\/www.europesays.com\/pt\/wp-json\/wp\/v2\/media\/72318"}],"wp:attachment":[{"href":"https:\/\/www.europesays.com\/pt\/wp-json\/wp\/v2\/media?parent=72317"}],"wp:term":[{"taxonomy":"category","embeddable":true,"href":"https:\/\/www.europesays.com\/pt\/wp-json\/wp\/v2\/categories?post=72317"},{"taxonomy":"post_tag","embeddable":true,"href":"https:\/\/www.europesays.com\/pt\/wp-json\/wp\/v2\/tags?post=72317"}],"curies":[{"name":"wp","href":"https:\/\/api.w.org\/{rel}","templated":true}]}}