{"id":72321,"date":"2025-09-15T13:02:04","date_gmt":"2025-09-15T13:02:04","guid":{"rendered":"https:\/\/www.europesays.com\/pt\/72321\/"},"modified":"2025-09-15T13:02:04","modified_gmt":"2025-09-15T13:02:04","slug":"diego-martins-assume-namoro-com-ator-da-globo-celebridades","status":"publish","type":"post","link":"https:\/\/www.europesays.com\/pt\/72321\/","title":{"rendered":"Diego Martins assume namoro com ator da Globo | Celebridades"},"content":{"rendered":"<p>                                        Diego Martins   &#8211; Reprodu\u00e7\u00e3o do Instagram<\/p>\n<p class=\"content-media__description\">Diego Martins  Reprodu\u00e7\u00e3o do Instagram<\/p>\n<p>                            Publicado 15\/09\/2025 08:29\n                    <\/p>\n<p>Rio &#8211; Diego Martins, de 28 anos, deixou o time dos solteiros. O artista, conhecido pelo personagem Kevin em &#8220;Terra e Paix\u00e3o&#8221;, da TV Globo, assumiu o namoro com o ator\u00a0Jess\u00e9 Scarpellini durante o The Town, em S\u00e3o Paulo, neste domingo (14).\u00a0<\/p>\n<p>&#8220;Eu estou namorando, mas ele n\u00e3o veio. Faz pouqu\u00edssimos dias, \u00e9 not\u00edcia fresca&#8221;, brincou Diego, em entrevista \u00e0 Quem. Ele entregou que o amado \u00e9 Jess\u00e9 Scarpellini e que os dois se conhecem h\u00e1 anos. &#8220;Virou uma paix\u00e3o do nada agora. A gente nem era amigo, sabia? A gente era conhecido, e a\u00ed virou&#8221;.<\/p>\n<p>Diego ainda comentou a import\u00e2ncia de se assumir\u00a0publicamente.\u00a0&#8220;Hoje, as coisas s\u00e3o mais faladas. Eu acho que existem cada vez mais pessoas com coragem para n\u00e3o se esconder. N\u00e3o \u00e9 o mundo ideal dos sonhos ainda. N\u00e3o vou dizer que eu n\u00e3o perco trabalhos cada vez que eu falo mais sobre a minha sexualidade, mas \u00e9 um caminho sem volta e \u00e9 um caminho muito feliz&#8221;, declarou.\u00a0<\/p>\n<p>Nascido em S\u00e3o Paulo,\u00a0Jess\u00e9 Scarpellini tem 37 anos, j\u00e1\u00a0integrou o elenco da s\u00e9rie &#8220;As Five&#8221; (2021 e 2023) e do curta &#8220;Baseado em Amores Reais&#8221;, do Globoplay, e atuou em mais de 15 pe\u00e7as de teatro. Al\u00e9m de ator, ele \u00e9\u00a0cantor e m\u00fasico.<\/p>\n","protected":false},"excerpt":{"rendered":"Diego Martins &#8211; Reprodu\u00e7\u00e3o do Instagram Diego Martins Reprodu\u00e7\u00e3o do Instagram Publicado 15\/09\/2025 08:29 Rio &#8211; Diego Martins,&hellip;\n","protected":false},"author":2,"featured_media":72322,"comment_status":"","ping_status":"","sticky":false,"template":"","format":"standard","meta":{"footnotes":""},"categories":[145],"tags":[1244,211,210,6548,114,115,1017,32,33,2323],"class_list":{"0":"post-72321","1":"post","2":"type-post","3":"status-publish","4":"format-standard","5":"has-post-thumbnail","7":"category-celebridades","8":"tag-ator","9":"tag-celebridades","10":"tag-celebrities","11":"tag-diego-martins","12":"tag-entertainment","13":"tag-entretenimento","14":"tag-namoro","15":"tag-portugal","16":"tag-pt","17":"tag-tv-globo"},"share_on_mastodon":{"url":"","error":""},"_links":{"self":[{"href":"https:\/\/www.europesays.com\/pt\/wp-json\/wp\/v2\/posts\/72321","targetHints":{"allow":["GET"]}}],"collection":[{"href":"https:\/\/www.europesays.com\/pt\/wp-json\/wp\/v2\/posts"}],"about":[{"href":"https:\/\/www.europesays.com\/pt\/wp-json\/wp\/v2\/types\/post"}],"author":[{"embeddable":true,"href":"https:\/\/www.europesays.com\/pt\/wp-json\/wp\/v2\/users\/2"}],"replies":[{"embeddable":true,"href":"https:\/\/www.europesays.com\/pt\/wp-json\/wp\/v2\/comments?post=72321"}],"version-history":[{"count":0,"href":"https:\/\/www.europesays.com\/pt\/wp-json\/wp\/v2\/posts\/72321\/revisions"}],"wp:featuredmedia":[{"embeddable":true,"href":"https:\/\/www.europesays.com\/pt\/wp-json\/wp\/v2\/media\/72322"}],"wp:attachment":[{"href":"https:\/\/www.europesays.com\/pt\/wp-json\/wp\/v2\/media?parent=72321"}],"wp:term":[{"taxonomy":"category","embeddable":true,"href":"https:\/\/www.europesays.com\/pt\/wp-json\/wp\/v2\/categories?post=72321"},{"taxonomy":"post_tag","embeddable":true,"href":"https:\/\/www.europesays.com\/pt\/wp-json\/wp\/v2\/tags?post=72321"}],"curies":[{"name":"wp","href":"https:\/\/api.w.org\/{rel}","templated":true}]}}