{"id":72325,"date":"2025-09-15T13:08:08","date_gmt":"2025-09-15T13:08:08","guid":{"rendered":"https:\/\/www.europesays.com\/pt\/72325\/"},"modified":"2025-09-15T13:08:08","modified_gmt":"2025-09-15T13:08:08","slug":"uniao-de-leiria-derrota-fc-porto-b-reduzido-a-nove-com-golo-aos-906-o-jogo","status":"publish","type":"post","link":"https:\/\/www.europesays.com\/pt\/72325\/","title":{"rendered":"Uni\u00e3o de Leiria derrota FC Porto B reduzido a nove com golo aos 90&#039;+6&#039; &#8211; O Jogo"},"content":{"rendered":"<ol>\n<li><a href=\"https:\/\/news.google.com\/rss\/articles\/CBMioAFBVV95cUxQbGFwZ2c3MG1aR3BKV2psTmE1b0lsOW1vS2VqRTdIaTgtNkdBVklOakFJQmdkdGxqZDAyR3V0SFNrakFjdGRhakhSMS1Edzd0TGZqTmlrcXNETzh1SzNNVXpYUXNxZEU3OWJQQUlnMDZFdEl1M1BWUXBFaWtUXzBaZjhIcTM3N3pUZXlUTG0tbE5teEJiaHhkNUdQRGQ5bG9s?oc=5\" target=\"_blank\" rel=\"nofollow noopener\">Uni\u00e3o de Leiria derrota FC Porto B reduzido a nove com golo aos 90&#8217;+6&#8242;<\/a>&nbsp;&nbsp;O Jogo<\/li>\n<li><a href=\"https:\/\/news.google.com\/rss\/articles\/CBMiygFBVV95cUxPMzlmODVQLWdHMXhCeFF0T1hnNWNnc3RULTUweDdTbU5URkRkaTRhWFFENktaQzVObWkyQXhUM2RCZVNvRXpOb1VlRENibmhuT1VZWW1Cc1VDRUllLUxialFDZGd0LTZNN21faWxxZmR2V2hqOEdrQ0ZTc0FYRzd5VTU2M1FiTmQzOTVuZlRBY1JIR2pra1pjd01haG1wcVBnejdMUUlhdmVxRzdyc2xWZm9LNUlOckRVeFNwbkh0UzBhVUVhYjdCcVF3?oc=5\" target=\"_blank\" rel=\"nofollow noopener\">Liga 2: UD Leiria vence FC Porto reduzido a nove com golo ao cair do pano (cr\u00f3nica)<\/a>&nbsp;&nbsp;A Bola<\/li>\n<li><a href=\"https:\/\/news.google.com\/rss\/articles\/CBMiqgFBVV95cUxQenNSbVVjZzFlRzE1ekxCSVM3c2dOU3hnakFaVHhGS3BYU2xBd2ZOdENXV3B5SldRZzg4X0FGODluRUVsaUwzdXBXOE1HS0pZUkYyS213TDVBTVJUWjdNcHlDbTZpa3hvcnJHOWdqQkI3Ukk1WnVVRXdYU0ozNnBtLXQyRTNnSkxXX3ZlbkJDNmFHX195UXJGeG1naWJTOG0xSE1uQjNJSFRzQQ?oc=5\" target=\"_blank\" rel=\"nofollow noopener\">Uni\u00e3o de Leiria teve problema com o autocarro e FC Porto arranjou solu\u00e7\u00e3o<\/a>&nbsp;&nbsp;O Jogo<\/li>\n<li><a href=\"https:\/\/news.google.com\/rss\/articles\/CBMikwFBVV95cUxQMDBsTUxzbkJwaV94djFvRng4VGJSU3RvYk1WWHRROE9KM29pV2ZlNWMtZDh0WGU0dlQzUTNlN2VhQ29laE9FLXhKbk45TVFKRk9tWS1NN1U4Wkt3QWN0eEFUcWV5dmIybGpfTGZ2OXlMWU83RVZSX2hmdUZ0aTNfQkNVUVZnQXFkQW5KT1N5a2poLXM?oc=5\" target=\"_blank\" rel=\"nofollow noopener\">Jo\u00e3o Brand\u00e3o: \u201cOs jogadores deixaram tudo em campo\u201d<\/a>&nbsp;&nbsp;OneFootball<\/li>\n<li><a href=\"https:\/\/news.google.com\/rss\/articles\/CBMijAFBVV95cUxPN3hKUUFrajJTY0dXVHFpR1RKQ3FQbFJ0TC1ta0MwX0NtMTc2QXk4QVU1XzJlTS0zVWwtSXUzQXdxSW1VV0hET3pHeFZNcmxCN1NZYXRvd042eVdZU25uSlVnZ3FGdElUVmI3bVFscXQtdndUOU1TYW9ZbFVPWXhxeG9WbmEyUWZiUks1QQ?oc=5\" target=\"_blank\" rel=\"nofollow noopener\">Suspense at\u00e9 ao fim d\u00e1 vit\u00f3ria aos leirienses<\/a>&nbsp;&nbsp;Liga Portugal<\/li>\n<\/ol>\n","protected":false},"excerpt":{"rendered":"Uni\u00e3o de Leiria derrota FC Porto B reduzido a nove com golo aos 90&#8217;+6&#8242;&nbsp;&nbsp;O Jogo Liga 2: UD&hellip;\n","protected":false},"author":2,"featured_media":72326,"comment_status":"","ping_status":"","sticky":false,"template":"","format":"standard","meta":{"footnotes":""},"categories":[87],"tags":[135,32,33,134],"class_list":{"0":"post-72325","1":"post","2":"type-post","3":"status-publish","4":"format-standard","5":"has-post-thumbnail","7":"category-desporto","8":"tag-desporto","9":"tag-portugal","10":"tag-pt","11":"tag-sports"},"share_on_mastodon":{"url":"","error":""},"_links":{"self":[{"href":"https:\/\/www.europesays.com\/pt\/wp-json\/wp\/v2\/posts\/72325","targetHints":{"allow":["GET"]}}],"collection":[{"href":"https:\/\/www.europesays.com\/pt\/wp-json\/wp\/v2\/posts"}],"about":[{"href":"https:\/\/www.europesays.com\/pt\/wp-json\/wp\/v2\/types\/post"}],"author":[{"embeddable":true,"href":"https:\/\/www.europesays.com\/pt\/wp-json\/wp\/v2\/users\/2"}],"replies":[{"embeddable":true,"href":"https:\/\/www.europesays.com\/pt\/wp-json\/wp\/v2\/comments?post=72325"}],"version-history":[{"count":0,"href":"https:\/\/www.europesays.com\/pt\/wp-json\/wp\/v2\/posts\/72325\/revisions"}],"wp:featuredmedia":[{"embeddable":true,"href":"https:\/\/www.europesays.com\/pt\/wp-json\/wp\/v2\/media\/72326"}],"wp:attachment":[{"href":"https:\/\/www.europesays.com\/pt\/wp-json\/wp\/v2\/media?parent=72325"}],"wp:term":[{"taxonomy":"category","embeddable":true,"href":"https:\/\/www.europesays.com\/pt\/wp-json\/wp\/v2\/categories?post=72325"},{"taxonomy":"post_tag","embeddable":true,"href":"https:\/\/www.europesays.com\/pt\/wp-json\/wp\/v2\/tags?post=72325"}],"curies":[{"name":"wp","href":"https:\/\/api.w.org\/{rel}","templated":true}]}}