{"id":72351,"date":"2025-09-15T13:41:11","date_gmt":"2025-09-15T13:41:11","guid":{"rendered":"https:\/\/www.europesays.com\/pt\/72351\/"},"modified":"2025-09-15T13:41:11","modified_gmt":"2025-09-15T13:41:11","slug":"a-passadeira-vermelha-dos-emmys-observador","status":"publish","type":"post","link":"https:\/\/www.europesays.com\/pt\/72351\/","title":{"rendered":"a passadeira vermelha dos Emmys \u2013 Observador"},"content":{"rendered":"<p>Antes de Adolesc\u00eancia, The Pitt e The Studio terem brilhado <a href=\"https:\/\/observador.pt\/2025\/09\/15\/adolescencia-impoe-se-the-studio-bate-recordes-e-the-pitt-e-o-melhor-drama-eis-a-lista-dos-vencedores-dos-emmys\/\" rel=\"nofollow noopener\" target=\"_blank\">na 77.\u00aa cerim\u00f3nia de entrega dos pr\u00e9mios Emmy<\/a>, em Los Angeles, a passadeira vermelha do Peacock Theater foi palco de glamour, com as estrelas do pequeno ecr\u00e3 a roubarem as aten\u00e7\u00f5es em mais um desfile que teve tanto de eleg\u00e2ncia como de ativismo, com os atores a usarem as suas escolhas de visual como forma de defender o fim do conflito no M\u00e9dio Oriente.<\/p>\n<p>Exemplo disso foi a comediante\u00a0brit\u00e2nica Megan Stalter, que surgiu com um visual casual, apenas de t-shirt branca, cal\u00e7as de ganga e uns \u00f3culo de sol pretos. O que justificou a sua escolha foi a bolsa, tamb\u00e9m preta, com a mensagem \u201ccessar-fogo agora!\u201d. Tamb\u00e9m o ator Javier Bardem marcou o seu apelo por uma Palestina livre ao usar ao pesco\u00e7o um keffiyeh, o tradicional len\u00e7o palestiniano, em preto, verde, branco e vermelho. J\u00e1 Aimee Lou Wood, de White Lotus, assim como outras estrelas, fez o seu subtil apelo \u00e0 paz com um pequeno pin vermelho com uma m\u00e3o com um cora\u00e7\u00e3o desenhado preso no decote do seu vestido Alexander McQueen. O mesmo pin j\u00e1 tinha marcado presen\u00e7a na passadeira vermelha da cerim\u00f3nia dos Emmys do ano passado.<\/p>\n<p>Na moda, a\u00a0protagonista de Wednesday, Jenna Ortega, fez uma das escolhas mais arrojadas ao utilizar uma pe\u00e7a da primeira cole\u00e7\u00e3o da<a href=\"https:\/\/observador.pt\/2024\/09\/09\/sarah-burton-e-nomeada-diretora-criativa-da-casa-givenchy\/\" rel=\"nofollow noopener\" target=\"_blank\"> designer Sarah Burton enquanto diretora criativa na Givenchy<\/a>: um top desconstruido feito a partir de cristais e pedras presos por um fio que conjugou com uma saia e uns saltos pretos. Foi essa a cor que dominou ao longo da noite: o preto. Cl\u00e1ssico e elegante, foi escolha do ator Paul W. Downs, num fato Wales Bonner, das atrizes atriz Cate Blanchett, num vestido\u00a0Armani Priv\u00e9,\u00a0Sarah Catherine Hook, num vestido Miu Miu, Rashida Jones, num vestido Dior, Jennifer Coolidge, num vestido Christian Siriano, e das estrelas de Adolesc\u00eancia, Owen Cooper e Erin Doherty.<\/p>\n<p>Tamb\u00e9m os casais foram destaque nesta edi\u00e7\u00e3o dos Emmys, a come\u00e7ar com Reba McEntire a confirmar estar noiva de Rex Linn, co-protagonista da s\u00e9rie Happy\u2019s Place. De anel no dedo h\u00e1 mais tempo, Selena Gomez tamb\u00e9m marcou presen\u00e7a na cerim\u00f3nia, num vestido vermelho da Louis Vuitton, junto de Benny Blanco. J\u00e1 Adam Brody, que est\u00e1 de regresso \u00e0 Netflix com a segunda temporada de Nobody Wants This em outubro, optou por um fato azul claro da Prada para desfilar junto da mulher, Leighton Meester.<\/p>\n","protected":false},"excerpt":{"rendered":"Antes de Adolesc\u00eancia, The Pitt e The Studio terem brilhado na 77.\u00aa cerim\u00f3nia de entrega dos pr\u00e9mios Emmy,&hellip;\n","protected":false},"author":2,"featured_media":72352,"comment_status":"","ping_status":"","sticky":false,"template":"","format":"standard","meta":{"footnotes":""},"categories":[145],"tags":[211,210,114,115,186,1079,14758,32,33],"class_list":{"0":"post-72351","1":"post","2":"type-post","3":"status-publish","4":"format-standard","5":"has-post-thumbnail","7":"category-celebridades","8":"tag-celebridades","9":"tag-celebrities","10":"tag-entertainment","11":"tag-entretenimento","12":"tag-lifestyle","13":"tag-moda","14":"tag-passadeira-vermelha","15":"tag-portugal","16":"tag-pt"},"share_on_mastodon":{"url":"","error":""},"_links":{"self":[{"href":"https:\/\/www.europesays.com\/pt\/wp-json\/wp\/v2\/posts\/72351","targetHints":{"allow":["GET"]}}],"collection":[{"href":"https:\/\/www.europesays.com\/pt\/wp-json\/wp\/v2\/posts"}],"about":[{"href":"https:\/\/www.europesays.com\/pt\/wp-json\/wp\/v2\/types\/post"}],"author":[{"embeddable":true,"href":"https:\/\/www.europesays.com\/pt\/wp-json\/wp\/v2\/users\/2"}],"replies":[{"embeddable":true,"href":"https:\/\/www.europesays.com\/pt\/wp-json\/wp\/v2\/comments?post=72351"}],"version-history":[{"count":0,"href":"https:\/\/www.europesays.com\/pt\/wp-json\/wp\/v2\/posts\/72351\/revisions"}],"wp:featuredmedia":[{"embeddable":true,"href":"https:\/\/www.europesays.com\/pt\/wp-json\/wp\/v2\/media\/72352"}],"wp:attachment":[{"href":"https:\/\/www.europesays.com\/pt\/wp-json\/wp\/v2\/media?parent=72351"}],"wp:term":[{"taxonomy":"category","embeddable":true,"href":"https:\/\/www.europesays.com\/pt\/wp-json\/wp\/v2\/categories?post=72351"},{"taxonomy":"post_tag","embeddable":true,"href":"https:\/\/www.europesays.com\/pt\/wp-json\/wp\/v2\/tags?post=72351"}],"curies":[{"name":"wp","href":"https:\/\/api.w.org\/{rel}","templated":true}]}}