{"id":72510,"date":"2025-09-15T15:36:09","date_gmt":"2025-09-15T15:36:09","guid":{"rendered":"https:\/\/www.europesays.com\/pt\/72510\/"},"modified":"2025-09-15T15:36:09","modified_gmt":"2025-09-15T15:36:09","slug":"edicoes-cnbb-amplia-presenca-com-filial-em-sao-paulo","status":"publish","type":"post","link":"https:\/\/www.europesays.com\/pt\/72510\/","title":{"rendered":"Edi\u00e7\u00f5es CNBB amplia presen\u00e7a com filial em S\u00e3o Paulo"},"content":{"rendered":"<p>De acordo com a empresa, a expans\u00e3o responde a uma demanda crescente por log\u00edstica eficiente e proximidade comercial com o setor<\/p>\n<p><img decoding=\"async\" src=\"https:\/\/www.europesays.com\/pt\/wp-content\/uploads\/2025\/09\/TsKyiNV212fcXqGJcmH8RxKZUWs9q6yK8upfcy8puM4uhToFq069kHatH0UUxeQaQlQgRE5L57EciAUP.jpg\" alt=\"Nova filial da Edi\u00e7\u00f5es CNBB em S\u00e3o Paulo | \u00a9 Edi\u00e7\u00f5es CNBB\" title=\"Nova filial da Edi\u00e7\u00f5es CNBB em S\u00e3o Paulo | \u00a9 Edi\u00e7\u00f5es CNBB\" \/><\/p>\n<p>Nova filial da Edi\u00e7\u00f5es CNBB em S\u00e3o Paulo | \u00a9 Edi\u00e7\u00f5es CNBB<\/p>\n<p>A <strong>Edi\u00e7\u00f5es CNBB<\/strong>, editora oficial da Confer\u00eancia Nacional dos Bispos do Brasil (CNBB), inaugurou em junho de 2025 uma nova unidade em S\u00e3o Paulo (SP). Localizada no bairro do Ipiranga (Rua 1822, 313), a filial amplia a atua\u00e7\u00e3o da editora no principal polo econ\u00f4mico e editorial do pa\u00eds, aproximando-se de livrarias, distribuidores, atacadistas e parceiros estrat\u00e9gicos. <\/p>\n<p>De acordo com a empresa, a expans\u00e3o para S\u00e3o Paulo responde a uma demanda crescente por log\u00edstica eficiente e proximidade comercial com o setor. A unidade funciona de segunda a sexta-feira, das 8h \u00e0s 17h, oferecendo condi\u00e7\u00f5es de atendimento direto a par\u00f3quias, dioceses, livrarias cat\u00f3licas, distribuidoras e demais clientes institucionais.<\/p>\n<p>Segundo a dire\u00e7\u00e3o da editora, a abertura \u00e9 um passo estrat\u00e9gico para reduzir prazos de entrega, ampliar estoques locais e facilitar negocia\u00e7\u00f5es comerciais com o mercado paulista e de todo o Sudeste, regi\u00e3o que concentra o maior consumo editorial do pa\u00eds.<\/p>\n<p>Com quase duas d\u00e9cadas de atua\u00e7\u00e3o, a Edi\u00e7\u00f5es CNBB se consolidou como refer\u00eancia no segmento de livros e subs\u00eddios cat\u00f3licos. Seu portf\u00f3lio re\u00fane documentos oficiais da CNBB, B\u00edblias e catecismos, subs\u00eddios lit\u00fargicos (como Igreja em Ora\u00e7\u00e3o e Seman\u00e1rio Lit\u00fargico-Catequ\u00e9tico); e livros formativos e pastorais.<\/p>\n<p>Em 2024, a editora lan\u00e7ou 72 t\u00edtulos f\u00edsicos e 113 conte\u00fados digitais, al\u00e9m de manter a produ\u00e7\u00e3o regular de 12 livretos mensais lit\u00fargicos e 65 folhetos de missa.<\/p>\n","protected":false},"excerpt":{"rendered":"De acordo com a empresa, a expans\u00e3o responde a uma demanda crescente por log\u00edstica eficiente e proximidade comercial&hellip;\n","protected":false},"author":2,"featured_media":72511,"comment_status":"","ping_status":"","sticky":false,"template":"","format":"standard","meta":{"footnotes":""},"categories":[143],"tags":[868,877,867,169,869,872,873,880,114,115,874,870,875,878,879,864,876,237,871,170,865,866,13,32,33],"class_list":{"0":"post-72510","1":"post","2":"type-post","3":"status-publish","4":"format-standard","5":"has-post-thumbnail","7":"category-livros","8":"tag-best-seller","9":"tag-biblioteca","10":"tag-bienal-do-livro","11":"tag-books","12":"tag-clipping","13":"tag-e-book","14":"tag-ebook","15":"tag-editora","16":"tag-entertainment","17":"tag-entretenimento","18":"tag-escritor","19":"tag-eventos","20":"tag-festival-literario","21":"tag-lancamentos","22":"tag-leitura","23":"tag-literatura","24":"tag-livraria","25":"tag-livro","26":"tag-livro-digital","27":"tag-livros","28":"tag-mercado-editorial","29":"tag-mercado-livreiro","30":"tag-noticias","31":"tag-portugal","32":"tag-pt"},"share_on_mastodon":{"url":"","error":""},"_links":{"self":[{"href":"https:\/\/www.europesays.com\/pt\/wp-json\/wp\/v2\/posts\/72510","targetHints":{"allow":["GET"]}}],"collection":[{"href":"https:\/\/www.europesays.com\/pt\/wp-json\/wp\/v2\/posts"}],"about":[{"href":"https:\/\/www.europesays.com\/pt\/wp-json\/wp\/v2\/types\/post"}],"author":[{"embeddable":true,"href":"https:\/\/www.europesays.com\/pt\/wp-json\/wp\/v2\/users\/2"}],"replies":[{"embeddable":true,"href":"https:\/\/www.europesays.com\/pt\/wp-json\/wp\/v2\/comments?post=72510"}],"version-history":[{"count":0,"href":"https:\/\/www.europesays.com\/pt\/wp-json\/wp\/v2\/posts\/72510\/revisions"}],"wp:featuredmedia":[{"embeddable":true,"href":"https:\/\/www.europesays.com\/pt\/wp-json\/wp\/v2\/media\/72511"}],"wp:attachment":[{"href":"https:\/\/www.europesays.com\/pt\/wp-json\/wp\/v2\/media?parent=72510"}],"wp:term":[{"taxonomy":"category","embeddable":true,"href":"https:\/\/www.europesays.com\/pt\/wp-json\/wp\/v2\/categories?post=72510"},{"taxonomy":"post_tag","embeddable":true,"href":"https:\/\/www.europesays.com\/pt\/wp-json\/wp\/v2\/tags?post=72510"}],"curies":[{"name":"wp","href":"https:\/\/api.w.org\/{rel}","templated":true}]}}