{"id":72514,"date":"2025-09-15T15:39:23","date_gmt":"2025-09-15T15:39:23","guid":{"rendered":"https:\/\/www.europesays.com\/pt\/72514\/"},"modified":"2025-09-15T15:39:23","modified_gmt":"2025-09-15T15:39:23","slug":"cara-de-barro-james-gunn-comenta-rumores-de-conexao-com-o-batman-de-matt-reeves","status":"publish","type":"post","link":"https:\/\/www.europesays.com\/pt\/72514\/","title":{"rendered":"&#8216;Cara-de-Barro&#8217;: James Gunn comenta rumores de conex\u00e3o com o &#8216;Batman&#8217; de Matt Reeves"},"content":{"rendered":"<p>O cineasta<strong> James Gunn<\/strong> utilizou as<a href=\"https:\/\/www.threads.com\/@jamesgunn\/post\/DOhE8A-EZDr?xmt=AQF0ZGdmYxRSWNpTnOQc4C56m5BtK9T_8nIjH6oYg3yinA\" rel=\"nofollow noopener\" target=\"_blank\"> redes sociais<\/a> para esclarecer rumores sobre a apari\u00e7\u00e3o ou men\u00e7\u00e3o do<strong> \u2018Batman\u2019<\/strong> de<strong> Robert Pattinson<\/strong> no filme do <strong>\u2018Cara-de-Barro\u2019<\/strong>, que far\u00e1 parte do Universo DC (DCU).<\/p>\n<p>Os rumores come\u00e7aram a circular ap\u00f3s o vazamento de fotos das filmagens do longa em Liverpool, Inglaterra. Em uma das imagens, \u00e9 poss\u00edvel ver o logo de <strong>\u2018The Batman\u2019<\/strong>, de <strong>Matt Reeves<\/strong>, em uma lixeira de cen\u00e1rio.<\/p>\n<p><strong>Gunn<\/strong> explicou que a lixeira era apenas parte do cen\u00e1rio e que o logo provavelmente n\u00e3o foi aprovado pela equipe de arte.<\/p>\n<p> \u201cEmbora a lixeira seja do cen\u00e1rio, acho dif\u00edcil acreditar que o logo tenha sido colocado ali pelo departamento de arte, mas, se foi, nunca passou pela minha aprova\u00e7\u00e3o (n\u00e3o tenho tempo para aprovar cada item de ambienta\u00e7\u00e3o do set)\u201d, afirmou ele, indicando que a apari\u00e7\u00e3o foi uma mera coincid\u00eancia e n\u00e3o uma indica\u00e7\u00e3o de crossover.<\/p>\n<blockquote class=\"reddit-embed-bq\" style=\"height: 500px;\" data-embed-height=\"740\">\n<p><a href=\"https:\/\/www.reddit.com\/r\/DCULeaks\/comments\/1nf4s4n\/batman_logo_seemingly_spotted_on_the_clayface_set\/\" rel=\"nofollow noopener\" target=\"_blank\">Logotipo do Batman aparentemente visto no set de \u2018Clayface\u2019.<\/a><br \/>por <a href=\"https:\/\/www.reddit.com\/user\/BigButter7\/\" rel=\"nofollow noopener\" target=\"_blank\">u\/BigButter7<\/a> em <a href=\"https:\/\/www.reddit.com\/r\/DCULeaks\/\" rel=\"nofollow noopener\" target=\"_blank\">DCULeaks<\/a><\/p>\n<\/blockquote>\n<p>Anteriormente, <strong>James Gunn<\/strong>, co-CEO da <strong>DC Studios<\/strong>,\u00a0havia confirmado que a adapta\u00e7\u00e3o ser\u00e1 um filme de terror de verdade: \u201capesar de se passar no mesmo universo [das outras produ\u00e7\u00f5es do DCU], o filme do Cara-de-Barro ser\u00e1 totalmente terror. N\u00e3o h\u00e1 um \u00fanico tom neste universo. N\u00e3o \u00e9 como se todos os filmes fossem como \u2018Superman\u2019. Os artistas, diretores e roteiristas que criam estes projetos ir\u00e3o trazer seu pr\u00f3prio estilo a este mundo.\u201d<\/p>\n<p><strong>Mike Flanagan<\/strong>, criador de \u2018<strong>A Maldi\u00e7\u00e3o da Resid\u00eancia Hill<\/strong>\u2018, assina o roteiro.<\/p>\n<p><strong>Tom Rhys Harries<\/strong> estrela como o personagem titular, enquanto fotos de bastidores confirmaram que <strong>Eddie Marsan<\/strong> e\u00a0<strong>Max Minghella<\/strong> integram o elenco.<\/p>\n<p><strong>O longa e chega aos cinemas em 11 de setembro de 2026.<\/strong><\/p>\n<p><img fetchpriority=\"high\" decoding=\"async\" src=\"https:\/\/www.europesays.com\/pt\/wp-content\/uploads\/2025\/09\/cara-de-barro.-02-1024x617.jpg\" alt=\"cara de barro. 02\" width=\"696\" height=\"419\"  \/><\/p>\n<p>cara de barro. 02<\/p>\n","protected":false},"excerpt":{"rendered":"O cineasta James Gunn utilizou as redes sociais para esclarecer rumores sobre a apari\u00e7\u00e3o ou men\u00e7\u00e3o do \u2018Batman\u2019&hellip;\n","protected":false},"author":2,"featured_media":72515,"comment_status":"","ping_status":"","sticky":false,"template":"","format":"standard","meta":{"footnotes":""},"categories":[140],"tags":[15626,15627,1948,15628,2945,12237,114,115,147,148,15629,15630,7320,15631,15632,15633,15634,15635,15636,15637,146,15638,7313,32,33,14908,15639,15640,15641,15642],"class_list":{"0":"post-72514","1":"post","2":"type-post","3":"status-publish","4":"format-standard","5":"has-post-thumbnail","7":"category-filmes","8":"tag-15626","9":"tag-a-rede-social","10":"tag-batman","11":"tag-daniel-radcliffe","12":"tag-dc","13":"tag-dcu","14":"tag-entertainment","15":"tag-entretenimento","16":"tag-film","17":"tag-filmes","18":"tag-george-mackay","19":"tag-jack-oconnell","20":"tag-james-gunn","21":"tag-james-mcavoy","22":"tag-james-watkins","23":"tag-jeff-waldow","24":"tag-jogos-vorazes-a-cantiga-dos-passaros-e-das-serpentes","25":"tag-leo-woodall","26":"tag-max-minghella","27":"tag-mike-flanagan","28":"tag-movies","29":"tag-nao-fale-o-mal","30":"tag-pecadores","31":"tag-portugal","32":"tag-pt","33":"tag-robert-pattinson","34":"tag-sgt-rock","35":"tag-the-handmaids-tale","36":"tag-the-white-lotus","37":"tag-tom-blyth"},"share_on_mastodon":{"url":"","error":""},"_links":{"self":[{"href":"https:\/\/www.europesays.com\/pt\/wp-json\/wp\/v2\/posts\/72514","targetHints":{"allow":["GET"]}}],"collection":[{"href":"https:\/\/www.europesays.com\/pt\/wp-json\/wp\/v2\/posts"}],"about":[{"href":"https:\/\/www.europesays.com\/pt\/wp-json\/wp\/v2\/types\/post"}],"author":[{"embeddable":true,"href":"https:\/\/www.europesays.com\/pt\/wp-json\/wp\/v2\/users\/2"}],"replies":[{"embeddable":true,"href":"https:\/\/www.europesays.com\/pt\/wp-json\/wp\/v2\/comments?post=72514"}],"version-history":[{"count":0,"href":"https:\/\/www.europesays.com\/pt\/wp-json\/wp\/v2\/posts\/72514\/revisions"}],"wp:featuredmedia":[{"embeddable":true,"href":"https:\/\/www.europesays.com\/pt\/wp-json\/wp\/v2\/media\/72515"}],"wp:attachment":[{"href":"https:\/\/www.europesays.com\/pt\/wp-json\/wp\/v2\/media?parent=72514"}],"wp:term":[{"taxonomy":"category","embeddable":true,"href":"https:\/\/www.europesays.com\/pt\/wp-json\/wp\/v2\/categories?post=72514"},{"taxonomy":"post_tag","embeddable":true,"href":"https:\/\/www.europesays.com\/pt\/wp-json\/wp\/v2\/tags?post=72514"}],"curies":[{"name":"wp","href":"https:\/\/api.w.org\/{rel}","templated":true}]}}