{"id":72526,"date":"2025-09-15T15:45:30","date_gmt":"2025-09-15T15:45:30","guid":{"rendered":"https:\/\/www.europesays.com\/pt\/72526\/"},"modified":"2025-09-15T15:45:30","modified_gmt":"2025-09-15T15:45:30","slug":"netanyahu-e-o-unico-obstaculo-para-trazer-refens-para-casa-dizem-familias","status":"publish","type":"post","link":"https:\/\/www.europesays.com\/pt\/72526\/","title":{"rendered":"Netanyahu \u00e9 o \u00fanico obst\u00e1culo para trazer ref\u00e9ns para casa, dizem fam\u00edlias"},"content":{"rendered":"<p>O F\u00f3rum Ref\u00e9ns e Fam\u00edlias Desaparecidas: Tragam-nos para Casa Agora escreveu nas redes sociais que o ataque israelita ao Qatar na semana passada demonstra que &#8220;de cada vez que um acordo se aproxima, Netanyahu sabota-o&#8221;.<\/p>\n<p>Os coment\u00e1rios do grupo foram feitos depois de Israel ter realizado um ataque contra altos dirigentes do Hamas na capital do Qatar, Doha, que, segundo o Hamas, matou cinco dos seus membros e um oficial de seguran\u00e7a do Qatar.<\/p>\n<p>No s\u00e1bado, Netanyahu disse que livrar-se dos l\u00edderes do Hamas no Qatar &#8220;eliminaria o principal obst\u00e1culo&#8221; \u00e0 liberta\u00e7\u00e3o dos ref\u00e9ns e ao fim da guerra.<\/p>\n<p>Acusou ainda o Hamas de bloquear todas as tentativas de cessar-fogo para prolongar a guerra em Gaza.<\/p>\n<p>As fam\u00edlias dos ref\u00e9ns descreveram a resposta do primeiro-ministro israelita como &#8220;a mais recente desculpa para n\u00e3o trazer de volta&#8221; os seus entes queridos.<\/p>\n<p>&#8220;A opera\u00e7\u00e3o dirigida no Qatar provou, sem sombra de d\u00favida, que existe um obst\u00e1culo ao regresso dos 48 ref\u00e9ns e ao fim da guerra: o primeiro-ministro Netanyahu&#8221;, afirmaram.<\/p>\n<p>&#8220;Chegou a hora de acabar com as desculpas criadas para ganhar tempo e agarrar-se ao poder&#8221;.<\/p>\n<p>O grupo acrescentou que a &#8220;procrastina\u00e7\u00e3o&#8221; de Netanyahu custou &#8220;a vida a 42 ref\u00e9ns e amea\u00e7a a vida de outros ref\u00e9ns que mal sobrevivem&#8221;.<\/p>\n","protected":false},"excerpt":{"rendered":"O F\u00f3rum Ref\u00e9ns e Fam\u00edlias Desaparecidas: Tragam-nos para Casa Agora escreveu nas redes sociais que o ataque israelita&hellip;\n","protected":false},"author":2,"featured_media":72527,"comment_status":"","ping_status":"","sticky":false,"template":"","format":"standard","meta":{"footnotes":""},"categories":[50],"tags":[27,28,15,16,14,25,26,21,22,62,12,13,19,20,23,24,17,18,29,30,31,63,64,65],"class_list":{"0":"post-72526","1":"post","2":"type-post","3":"status-publish","4":"format-standard","5":"has-post-thumbnail","7":"category-mundo","8":"tag-breaking-news","9":"tag-breakingnews","10":"tag-featured-news","11":"tag-featurednews","12":"tag-headlines","13":"tag-latest-news","14":"tag-latestnews","15":"tag-main-news","16":"tag-mainnews","17":"tag-mundo","18":"tag-news","19":"tag-noticias","20":"tag-noticias-principais","21":"tag-noticiasprincipais","22":"tag-principais-noticias","23":"tag-principaisnoticias","24":"tag-top-stories","25":"tag-topstories","26":"tag-ultimas","27":"tag-ultimas-noticias","28":"tag-ultimasnoticias","29":"tag-world","30":"tag-world-news","31":"tag-worldnews"},"share_on_mastodon":{"url":"","error":""},"_links":{"self":[{"href":"https:\/\/www.europesays.com\/pt\/wp-json\/wp\/v2\/posts\/72526","targetHints":{"allow":["GET"]}}],"collection":[{"href":"https:\/\/www.europesays.com\/pt\/wp-json\/wp\/v2\/posts"}],"about":[{"href":"https:\/\/www.europesays.com\/pt\/wp-json\/wp\/v2\/types\/post"}],"author":[{"embeddable":true,"href":"https:\/\/www.europesays.com\/pt\/wp-json\/wp\/v2\/users\/2"}],"replies":[{"embeddable":true,"href":"https:\/\/www.europesays.com\/pt\/wp-json\/wp\/v2\/comments?post=72526"}],"version-history":[{"count":0,"href":"https:\/\/www.europesays.com\/pt\/wp-json\/wp\/v2\/posts\/72526\/revisions"}],"wp:featuredmedia":[{"embeddable":true,"href":"https:\/\/www.europesays.com\/pt\/wp-json\/wp\/v2\/media\/72527"}],"wp:attachment":[{"href":"https:\/\/www.europesays.com\/pt\/wp-json\/wp\/v2\/media?parent=72526"}],"wp:term":[{"taxonomy":"category","embeddable":true,"href":"https:\/\/www.europesays.com\/pt\/wp-json\/wp\/v2\/categories?post=72526"},{"taxonomy":"post_tag","embeddable":true,"href":"https:\/\/www.europesays.com\/pt\/wp-json\/wp\/v2\/tags?post=72526"}],"curies":[{"name":"wp","href":"https:\/\/api.w.org\/{rel}","templated":true}]}}