{"id":72548,"date":"2025-09-15T16:06:20","date_gmt":"2025-09-15T16:06:20","guid":{"rendered":"https:\/\/www.europesays.com\/pt\/72548\/"},"modified":"2025-09-15T16:06:20","modified_gmt":"2025-09-15T16:06:20","slug":"noivas-brilhos-e-transparencias-os-looks-que-ninguem-esquece-da-estreia-do-secret-story-secret-story","status":"publish","type":"post","link":"https:\/\/www.europesays.com\/pt\/72548\/","title":{"rendered":"Noivas, brilhos e transpar\u00eancias: Os looks que ningu\u00e9m esquece da estreia do Secret Story &#8211; Secret Story"},"content":{"rendered":"<p>A estreia do novo Secret Story &#8211; Casa dos Segredos foi marcante por v\u00e1rios motivos e um deles est\u00e1 a dar muito que falar:\u00a0<a href=\"https:\/\/tvi.iol.pt\/secretstory\/fotos\/estes-foram-os-looks-mais-virais-da-estreia-do-novo-secret-story\/68c7f5a1d34ee0c2fed01bad\" rel=\"nofollow noopener\" target=\"_blank\">os looks virais da estreia,<\/a> que passaram por vestidos de noiva, lantejoulas, transpar\u00eancias e decotes arrojados.\u00a0<\/p>\n<p>E se o tema \u00e9 esse n\u00e3o poder\u00edamos come\u00e7ar de outra forma, sen\u00e3o com<a href=\"https:\/\/tvi.iol.pt\/secretstory\/cristina-ferreira\/casa-dos-segredos\/um-decote-arrojado-e-um-corte-de-cabelo-radical-os-detalhes-look-de-cristina-ferreira-que-estao-a-dar-que-falar\" rel=\"nofollow noopener\" target=\"_blank\"> o look estrondoso da nossa apresentadora. Cristina Ferreira <\/a>deslumbrou num vestido branco, com brilhos e detalhes imperd\u00edveis, que acompanham o novo corte de cabelo.\u00a0<\/p>\n<p>Tamb\u00e9m os nossos concorrentes, sobretudo as mulheres, deram tudo na escolha dos vestidos para entrar na casa mais vigiada do Pa\u00eds e h\u00e1 looks que se destacam por ser arrojados e bastante originais.<\/p>\n<p>Neste categoria, o que salta mais \u00e0 vista \u00e9 <a href=\"https:\/\/tvi.iol.pt\/secretstory\/videos\/esta-concorrente-gosta-de-andar-vestida-de-noiva-pensaram-que-eu-era-casada-com-o-meu-filho\/68c72c2b0cf29d28d828ae14\" rel=\"nofollow noopener\" target=\"_blank\">o vestido de noiva de Marisa Susana<\/a>, todo branco, cheio de brilhos, aplica\u00e7\u00f5es e mais comprido atr\u00e1s do que \u00e0 frente.\u00a0<\/p>\n<p>No mesmo estilo, muito semelhante, est\u00e1 o<a href=\"https:\/\/tvi.iol.pt\/secretstory\/videos\/o-meu-marido-esta-na-casa-esta-revelado-o-primeiro-casalinho-da-edicao\/68c736230cf29d28d828ae22\" rel=\"nofollow noopener\" target=\"_blank\"> look escolhido pela outra Marisa<\/a>. Um vestido roxo tamb\u00e9m ele brilhante, com v\u00e1rias aplica\u00e7\u00f5es e folhos e mais curto \u00e0 frente.\u00a0<\/p>\n<p>Tivemos mais looks exuberantes e arrojados como o de Vera, um vestido preto brilhante com fitas, que faziam lembrar as dan\u00e7as de sal\u00e3o. O de Ana, com transpar\u00eancias na barriga e o de Mariana, com p\u00e9rolas brancas e a zona das costelas a descoberto.\u00a0<\/p>\n<p>Percorra a galeria de fotografias que prepar\u00e1mos para si com estes e outros looks femininos que ficaram na mem\u00f3ria, na gala de estreia do Secret Story.\u00a0<\/p>\n","protected":false},"excerpt":{"rendered":"A estreia do novo Secret Story &#8211; Casa dos Segredos foi marcante por v\u00e1rios motivos e um deles&hellip;\n","protected":false},"author":2,"featured_media":72549,"comment_status":"","ping_status":"","sticky":false,"template":"","format":"standard","meta":{"footnotes":""},"categories":[142],"tags":[166,114,115,19184,19153,18800,32,33,151,162,11841,18801],"class_list":{"0":"post-72548","1":"post","2":"type-post","3":"status-publish","4":"format-standard","5":"has-post-thumbnail","7":"category-tv","8":"tag-cristina-ferreira","9":"tag-entertainment","10":"tag-entretenimento","11":"tag-marisa","12":"tag-marisa-susana","13":"tag-momentos-virais-secret-story","14":"tag-portugal","15":"tag-pt","16":"tag-tv","17":"tag-tvi","18":"tag-vera","19":"tag-videos-virais-concorrentes"},"share_on_mastodon":{"url":"","error":""},"_links":{"self":[{"href":"https:\/\/www.europesays.com\/pt\/wp-json\/wp\/v2\/posts\/72548","targetHints":{"allow":["GET"]}}],"collection":[{"href":"https:\/\/www.europesays.com\/pt\/wp-json\/wp\/v2\/posts"}],"about":[{"href":"https:\/\/www.europesays.com\/pt\/wp-json\/wp\/v2\/types\/post"}],"author":[{"embeddable":true,"href":"https:\/\/www.europesays.com\/pt\/wp-json\/wp\/v2\/users\/2"}],"replies":[{"embeddable":true,"href":"https:\/\/www.europesays.com\/pt\/wp-json\/wp\/v2\/comments?post=72548"}],"version-history":[{"count":0,"href":"https:\/\/www.europesays.com\/pt\/wp-json\/wp\/v2\/posts\/72548\/revisions"}],"wp:featuredmedia":[{"embeddable":true,"href":"https:\/\/www.europesays.com\/pt\/wp-json\/wp\/v2\/media\/72549"}],"wp:attachment":[{"href":"https:\/\/www.europesays.com\/pt\/wp-json\/wp\/v2\/media?parent=72548"}],"wp:term":[{"taxonomy":"category","embeddable":true,"href":"https:\/\/www.europesays.com\/pt\/wp-json\/wp\/v2\/categories?post=72548"},{"taxonomy":"post_tag","embeddable":true,"href":"https:\/\/www.europesays.com\/pt\/wp-json\/wp\/v2\/tags?post=72548"}],"curies":[{"name":"wp","href":"https:\/\/api.w.org\/{rel}","templated":true}]}}