{"id":72557,"date":"2025-09-15T16:14:44","date_gmt":"2025-09-15T16:14:44","guid":{"rendered":"https:\/\/www.europesays.com\/pt\/72557\/"},"modified":"2025-09-15T16:14:44","modified_gmt":"2025-09-15T16:14:44","slug":"milhares-de-pessoas-sairam-a-rua-na-turquia-em-manifestacao-promovida-pelo-principal-partido-da-oposicao","status":"publish","type":"post","link":"https:\/\/www.europesays.com\/pt\/72557\/","title":{"rendered":"Milhares de pessoas sa\u00edram \u00e0 rua na Turquia em manifesta\u00e7\u00e3o promovida pelo principal partido da oposi\u00e7\u00e3o"},"content":{"rendered":"<p class=\"category\"><a href=\"https:\/\/sicnoticias.pt\/mundo\" rel=\"nofollow noopener\" target=\"_blank\">Mundo<\/a><\/p>\n<p>De acordo com o vice-presidente do CHP, Partido Republicano do Povo, Murat Bakan, participaram na manifesta\u00e7\u00e3o cerca de 50.000 pessoas. O l\u00edder do CHP, \u00d6zg\u00fcr \u00d6zel, num discurso durante o protesto, disse que os manifestantes estavam ali reunidos para &#8220;se oporem ao golpe de Estado&#8221;.<\/p>\n<p><img decoding=\"async\" src=\"https:\/\/www.europesays.com\/pt\/wp-content\/uploads\/2025\/09\/1757952884_575_original.webp\" alt=\"Milhares de pessoas sa\u00edram \u00e0 rua na Turquia em manifesta\u00e7\u00e3o promovida pelo principal partido da oposi\u00e7\u00e3o\"\/><\/p>\n<p>NECATI SAVAS<\/p>\n<p><strong>Pelo menos 50.000 pessoas participaram este domingo em Ancara numa manifesta\u00e7\u00e3o do principal partido da oposi\u00e7\u00e3o turca, o CHP, segundo os organizadores do protesto, que aconteceu na v\u00e9spera de uma poss\u00edvel destitui\u00e7\u00e3o pela justi\u00e7a da dire\u00e7\u00e3o daquele partido.<\/strong><\/p>\n<p>A Ag\u00eancia France Presse (AFP), presente no local, relata que <strong>dezenas de milhares de pessoas estiveram reunidas na pra\u00e7a Tandongan, empunhando bandeiras turcas e vestidas com &#8216;t-shirts&#8217; com a imagem do fundador da Rep\u00fablica da Turquia, Mustafa Kemal Atat\u00fcrk.<\/strong><\/p>\n<p>De acordo com o vice-presidente do CHP, Partido Republicano do Povo, Murat Bakan, <strong>participaram na manifesta\u00e7\u00e3o cerca de 50.000 pessoas. <\/strong>O l\u00edder do CHP, \u00d6zg\u00fcr \u00d6zel, num discurso durante o protesto, disse que os manifestantes estavam ali reunidos para <strong>&#8220;se oporem ao golpe de Estado&#8221;.<\/strong><\/p>\n<blockquote><p>&#8220;Este governo n\u00e3o quer democracia. Sabe que n\u00e3o pode ganhar as elei\u00e7\u00f5es se houver democracia. N\u00e3o quer justi\u00e7a: sabe que, se houver justi\u00e7a, n\u00e3o poder\u00e1 esconder os seus crimes&#8221;, defendeu, citado pela AFP.<\/p><\/blockquote>\n<p>NECATI SAVAS<\/p>\n<p><strong>Deten\u00e7\u00e3o de Imamoglu levou a protestos generalizados<\/strong><\/p>\n<p>Mais de uma d\u00fazia de presidentes de c\u00e2mara do CHP e centenas de funcion\u00e1rios municipais foram detidos nos \u00faltimos meses por alegada corrup\u00e7\u00e3o, incluindo o presidente da c\u00e2mara de Istambul, Ekrem Imamoglu.\u00a0<\/p>\n<p><a href=\"https:\/\/sicnoticias.pt\/especiais\/perguntas-e-respostas\/2025-03-24-protestos-detencoes-e-uma-forte-oposicao-o-que-esta-a-levar-milhares-de-pessoas-a-sair-a-rua-na-turquia-fa0bef7b\" rel=\"nofollow noopener\" target=\"_blank\">A deten\u00e7\u00e3o de Imamoglu,<\/a> considerado o principal advers\u00e1rio do Presidente Recep Tayyip Erdogan nas pr\u00f3ximas elei\u00e7\u00f5es presidenciais, levou a protestos generalizados.<\/p>\n<p>O CHP defende que as deten\u00e7\u00f5es e acusa\u00e7\u00f5es fazem parte de uma ofensiva do Governo para enfraquecer a oposi\u00e7\u00e3o e abrir caminho para mais cinco anos no cargo para Erdogan. O Governo nega as alega\u00e7\u00f5es e afirma que os tribunais da Turquia s\u00e3o independentes.<\/p>\n<p>NECATI SAVAS<\/p>\n<p>Num caso importante que ser\u00e1 julgado na segunda-feira, espera-se que um Tribunal decida se anula o Congresso do CHP de 2023, uma decis\u00e3o que poderia alterar a lideran\u00e7a do partido e deix\u00e1-lo em desordem.<\/p>\n<p>O CHP, o mais antigo partido pol\u00edtico da Turquia, obteve uma ampla vit\u00f3ria sobre o AKP do presidente Recep Tayyip Erdogan nas elei\u00e7\u00f5es locais de 2024 e est\u00e1 a subir nas sondagens. No discurso deste domingo, \u00d6zg\u00fcr \u00d6zel perguntou: <strong>&#8220;Erdogan, j\u00e1 viu a pra\u00e7a Tandogan assim?&#8221;, enquanto os manifestantes gritavam &#8220;Erdogan, demita-se!&#8221;.<\/strong><\/p>\n","protected":false},"excerpt":{"rendered":"Mundo De acordo com o vice-presidente do CHP, Partido Republicano do Povo, Murat Bakan, participaram na manifesta\u00e7\u00e3o cerca&hellip;\n","protected":false},"author":2,"featured_media":72558,"comment_status":"","ping_status":"","sticky":false,"template":"","format":"standard","meta":{"footnotes":""},"categories":[50],"tags":[27,28,15,16,14,25,26,21,22,62,12,13,19,20,23,24,17,18,29,30,31,63,64,65],"class_list":{"0":"post-72557","1":"post","2":"type-post","3":"status-publish","4":"format-standard","5":"has-post-thumbnail","7":"category-mundo","8":"tag-breaking-news","9":"tag-breakingnews","10":"tag-featured-news","11":"tag-featurednews","12":"tag-headlines","13":"tag-latest-news","14":"tag-latestnews","15":"tag-main-news","16":"tag-mainnews","17":"tag-mundo","18":"tag-news","19":"tag-noticias","20":"tag-noticias-principais","21":"tag-noticiasprincipais","22":"tag-principais-noticias","23":"tag-principaisnoticias","24":"tag-top-stories","25":"tag-topstories","26":"tag-ultimas","27":"tag-ultimas-noticias","28":"tag-ultimasnoticias","29":"tag-world","30":"tag-world-news","31":"tag-worldnews"},"share_on_mastodon":{"url":"","error":""},"_links":{"self":[{"href":"https:\/\/www.europesays.com\/pt\/wp-json\/wp\/v2\/posts\/72557","targetHints":{"allow":["GET"]}}],"collection":[{"href":"https:\/\/www.europesays.com\/pt\/wp-json\/wp\/v2\/posts"}],"about":[{"href":"https:\/\/www.europesays.com\/pt\/wp-json\/wp\/v2\/types\/post"}],"author":[{"embeddable":true,"href":"https:\/\/www.europesays.com\/pt\/wp-json\/wp\/v2\/users\/2"}],"replies":[{"embeddable":true,"href":"https:\/\/www.europesays.com\/pt\/wp-json\/wp\/v2\/comments?post=72557"}],"version-history":[{"count":0,"href":"https:\/\/www.europesays.com\/pt\/wp-json\/wp\/v2\/posts\/72557\/revisions"}],"wp:featuredmedia":[{"embeddable":true,"href":"https:\/\/www.europesays.com\/pt\/wp-json\/wp\/v2\/media\/72558"}],"wp:attachment":[{"href":"https:\/\/www.europesays.com\/pt\/wp-json\/wp\/v2\/media?parent=72557"}],"wp:term":[{"taxonomy":"category","embeddable":true,"href":"https:\/\/www.europesays.com\/pt\/wp-json\/wp\/v2\/categories?post=72557"},{"taxonomy":"post_tag","embeddable":true,"href":"https:\/\/www.europesays.com\/pt\/wp-json\/wp\/v2\/tags?post=72557"}],"curies":[{"name":"wp","href":"https:\/\/api.w.org\/{rel}","templated":true}]}}