{"id":72561,"date":"2025-09-15T16:17:07","date_gmt":"2025-09-15T16:17:07","guid":{"rendered":"https:\/\/www.europesays.com\/pt\/72561\/"},"modified":"2025-09-15T16:17:07","modified_gmt":"2025-09-15T16:17:07","slug":"o-diagnostico-que-levou-orlando-morais-marido-de-gloria-pires-a-fazer-cirurgia-no-rosto","status":"publish","type":"post","link":"https:\/\/www.europesays.com\/pt\/72561\/","title":{"rendered":"O diagn\u00f3stico que levou Orlando Morais, marido de Gl\u00f3ria Pires, a fazer cirurgia no rosto"},"content":{"rendered":"<p>                        <a href=\"https:\/\/img.nsctotal.com.br\/wp-content\/uploads\/2025\/09\/Cirurgia-de-Orlando-Morais-marido-de-Gloria-Pires.jpg\" data-caption=\"Cirurgia de Orlando Morais marido de Gl\u00f3ria Pires\" aria-label=\"Cirurgia de Orlando Morais marido de Gl\u00f3ria Pires\" rel=\"nofollow noopener\" target=\"_blank\"><img width=\"944\" height=\"531\" src=\"https:\/\/www.europesays.com\/pt\/wp-content\/uploads\/2025\/09\/Cirurgia-de-Orlando-Morais-marido-de-Gloria-Pires-944x531.jpg\" class=\"attachment-custom-large size-custom-large article-featured-image\" alt=\"Cirurgia de Orlando Morais marido de Gl\u00f3ria Pires\" fetchpriority=\"high\" decoding=\"async\"  \/><\/a><\/p>\n<p>Orlando Morais mostrou recupera\u00e7\u00e3o da cirurgia nas redes sociais (Foto: Reprodu\u00e7\u00e3o, Instagram)<\/p>\n<p>O cantor Orlando Morais, marido de Gl\u00f3ria Pires, surpreendeu ao aparecer nas redes sociais com uma m\u00e1scara e em recupera\u00e7\u00e3o de uma cirurgia bucomaxilofacial. O cantor de 62 anos explicou o motivo.<\/p>\n<p>Continua depois da publicidade<\/p>\n<p>No v\u00eddeo, Orlando Morais est\u00e1 usando uma m\u00e1scara de prote\u00e7\u00e3o facial que \u00e9 utilizada na recupera\u00e7\u00e3o desse tipo de cirurgia. O cantor tamb\u00e9m est\u00e1 com a fala bem prejudicada, mas \u00e9 poss\u00edvel entender a mensagem.<\/p>\n<p>Segundo Orlando Morais, a apneia do sono foi o motivo que o levou a fazer a cirurgia. Ele relatou que essa condi\u00e7\u00e3o o acompanha h\u00e1 anos e estava prejudicando sua vida com epis\u00f3dios de roncos, interrup\u00e7\u00f5es do sono, acordar cansado e muita dor de cabe\u00e7a.<\/p>\n<p>O tratamento de Orlando Morais come\u00e7ou em dezembro de 2024, quando ele fez uma expans\u00e3o maxilar para prepara a estrutura \u00f3ssea. Depois de um tempo, ele conseguiu, ent\u00e3o, fazer a corre\u00e7\u00e3o da mand\u00edbula.<\/p>\n<p>Continua depois da publicidade<\/p>\n<p>O que \u00e9 a apneia do sono e como se trata<\/p>\n<p>Dist\u00farbio comum e que acomete muitas pessoas, a apneia do sono se caracteriza por sucessivas paradas da respira\u00e7\u00e3o durante o sono. A obstru\u00e7\u00e3o das vias a\u00e9reas, seja total ou parcial, ou problemas no controle do sistema nervoso \u00e9 que causam a apneia.<\/p>\n<p>Os tr\u00eas tipos principais de apneia do sono s\u00e3o a obstrutiva, a central e a mista, sendo a obstrutiva a mais comum delas. Ela acontece quando a respira\u00e7\u00e3o \u00e9 dificultada por algum bloqueio na garganta, quando os m\u00fasculos da faringe relaxam na hora de dormir.<\/p>\n<p>Os principais sintomas s\u00e3o os roncos, as pausas na respira\u00e7\u00e3o, sensa\u00e7\u00e3o de sufocamento, sonol\u00eancia durante o dia e outros como boca seca e dor de garganta. Quem sofre com a apneia do sono costuma acordar irritado, e o quadro pode evoluir para doen\u00e7as graves como hipertens\u00e3o, doen\u00e7as do cora\u00e7\u00e3o, infarto, derrame cerebral e outros problemas.<\/p>\n<p>Continua depois da publicidade<\/p>\n<p>O tratamento se d\u00e1 com mudan\u00e7as nos h\u00e1bitos de vida, como perder peso e parar de fumar, uso de aparelhos como o CPAP (que mant\u00e9m as vias a\u00e9reas abertas durante o sono) e em casos mais graves, cirurgia, como no caso de Orlando Morais. \u00c9 importante procurar um m\u00e9dico especialista para diagn\u00f3stico e tratamento adequados<\/p>\n<p><strong><a href=\"https:\/\/www.nsctotal.com.br\/noticias\/caso-carlinhos-de-jesus-como-e-a-recuperacao-da-bursite-trocanterica-bilateral\" target=\"_blank\" rel=\"noreferrer noopener nofollow\">Caso Carlinhos de Jesus: como \u00e9 a recupera\u00e7\u00e3o da bursite trocant\u00e9rica bilateral<\/a><\/strong><\/p>\n","protected":false},"excerpt":{"rendered":"Orlando Morais mostrou recupera\u00e7\u00e3o da cirurgia nas redes sociais (Foto: Reprodu\u00e7\u00e3o, Instagram) O cantor Orlando Morais, marido de&hellip;\n","protected":false},"author":2,"featured_media":72562,"comment_status":"","ping_status":"","sticky":false,"template":"","format":"standard","meta":{"footnotes":""},"categories":[145],"tags":[211,210,114,115,32,33,794],"class_list":{"0":"post-72561","1":"post","2":"type-post","3":"status-publish","4":"format-standard","5":"has-post-thumbnail","7":"category-celebridades","8":"tag-celebridades","9":"tag-celebrities","10":"tag-entertainment","11":"tag-entretenimento","12":"tag-portugal","13":"tag-pt","14":"tag-voce-viu"},"share_on_mastodon":{"url":"","error":""},"_links":{"self":[{"href":"https:\/\/www.europesays.com\/pt\/wp-json\/wp\/v2\/posts\/72561","targetHints":{"allow":["GET"]}}],"collection":[{"href":"https:\/\/www.europesays.com\/pt\/wp-json\/wp\/v2\/posts"}],"about":[{"href":"https:\/\/www.europesays.com\/pt\/wp-json\/wp\/v2\/types\/post"}],"author":[{"embeddable":true,"href":"https:\/\/www.europesays.com\/pt\/wp-json\/wp\/v2\/users\/2"}],"replies":[{"embeddable":true,"href":"https:\/\/www.europesays.com\/pt\/wp-json\/wp\/v2\/comments?post=72561"}],"version-history":[{"count":0,"href":"https:\/\/www.europesays.com\/pt\/wp-json\/wp\/v2\/posts\/72561\/revisions"}],"wp:featuredmedia":[{"embeddable":true,"href":"https:\/\/www.europesays.com\/pt\/wp-json\/wp\/v2\/media\/72562"}],"wp:attachment":[{"href":"https:\/\/www.europesays.com\/pt\/wp-json\/wp\/v2\/media?parent=72561"}],"wp:term":[{"taxonomy":"category","embeddable":true,"href":"https:\/\/www.europesays.com\/pt\/wp-json\/wp\/v2\/categories?post=72561"},{"taxonomy":"post_tag","embeddable":true,"href":"https:\/\/www.europesays.com\/pt\/wp-json\/wp\/v2\/tags?post=72561"}],"curies":[{"name":"wp","href":"https:\/\/api.w.org\/{rel}","templated":true}]}}