{"id":72573,"date":"2025-09-15T16:29:12","date_gmt":"2025-09-15T16:29:12","guid":{"rendered":"https:\/\/www.europesays.com\/pt\/72573\/"},"modified":"2025-09-15T16:29:12","modified_gmt":"2025-09-15T16:29:12","slug":"pista-do-aeroporto-do-porto-santo-encerrada-devido-a-incidente-com-aviao-com-fotos","status":"publish","type":"post","link":"https:\/\/www.europesays.com\/pt\/72573\/","title":{"rendered":"Pista do Aeroporto do Porto Santo encerrada devido a incidente com avi\u00e3o (com fotos)"},"content":{"rendered":"\n<p class=\"p_0\">A pista do Aeroporto do Porto Santo encontra-se encerrada devido a um incidente com uma aeronave. Segundo apurou o JM, um dos pneus ter\u00e1 rebentado durante uma manobra, deixando o avi\u00e3o imobilizado a meio da pista.<\/p>\n<ul class=\"bxMultimediaText18795868\">\n<li>  <img loading=\"lazy\" decoding=\"async\" itercontenttypein=\"Image_Text\" itercontenttypeout=\"Image_Text\" src=\"https:\/\/www.europesays.com\/pt\/wp-content\/uploads\/2025\/09\/aviao-2_642-8740447_20250915155347.jpg\" alt=\"Pista est\u00e1 encerrada devido a problema com um avi\u00e3o.\" title=\"Pista est\u00e1 encerrada devido a problema com um avi\u00e3o.\" width=\"462\" height=\"1000\" iterimgid=\"642-8740447\"\/>\n<p> Pista est\u00e1 encerrada devido a problema com um avi\u00e3o. <\/p>\n<\/li>\n<\/ul>\n<p class=\"p_1\">No local est\u00e3o equipas de bombeiros e t\u00e9cnicos especializados, que avaliam a situa\u00e7\u00e3o e prestam apoio. Tamb\u00e9m a PSP est\u00e1 no local. As autoridades aeroportu\u00e1rias estudam agora a forma de remover a aeronave sem causar danos adicionais, quer no aparelho, quer na infraestrutura.<\/p>\n<ul class=\"bxMultimediaText18795868\">\n<li>  <img loading=\"lazy\" decoding=\"async\" itercontenttypein=\"Image_Text\" itercontenttypeout=\"Image_Text\" src=\"https:\/\/www.europesays.com\/pt\/wp-content\/uploads\/2025\/09\/aviao-5_642-8740457_20250915155628.jpg\" alt=\"Pista do Aeroporto do Porto Santo encerrada devido a incidente com avi\u00e3o (com fotos)\" title=\"Pista do Aeroporto do Porto Santo encerrada devido a incidente com avi\u00e3o (com fotos)\" width=\"1500\" height=\"844\" iterimgid=\"642-8740457\"\/>   <\/li>\n<\/ul>\n<p class=\"p_2\">Ao que tudo indica, o incidente n\u00e3o provocou v\u00edtimas, registando-se apenas danos materiais no avi\u00e3o.<\/p>\n","protected":false},"excerpt":{"rendered":"A pista do Aeroporto do Porto Santo encontra-se encerrada devido a um incidente com uma aeronave. Segundo apurou&hellip;\n","protected":false},"author":2,"featured_media":72574,"comment_status":"","ping_status":"","sticky":false,"template":"","format":"standard","meta":{"footnotes":""},"categories":[10],"tags":[27,28,15,16,14,25,26,21,22,12,13,19,20,12918,32,23,24,33,17,18,29,30,31],"class_list":{"0":"post-72573","1":"post","2":"type-post","3":"status-publish","4":"format-standard","5":"has-post-thumbnail","7":"category-portugal","8":"tag-breaking-news","9":"tag-breakingnews","10":"tag-featured-news","11":"tag-featurednews","12":"tag-headlines","13":"tag-latest-news","14":"tag-latestnews","15":"tag-main-news","16":"tag-mainnews","17":"tag-news","18":"tag-noticias","19":"tag-noticias-principais","20":"tag-noticiasprincipais","21":"tag-paulo-graca","22":"tag-portugal","23":"tag-principais-noticias","24":"tag-principaisnoticias","25":"tag-pt","26":"tag-top-stories","27":"tag-topstories","28":"tag-ultimas","29":"tag-ultimas-noticias","30":"tag-ultimasnoticias"},"share_on_mastodon":{"url":"","error":""},"_links":{"self":[{"href":"https:\/\/www.europesays.com\/pt\/wp-json\/wp\/v2\/posts\/72573","targetHints":{"allow":["GET"]}}],"collection":[{"href":"https:\/\/www.europesays.com\/pt\/wp-json\/wp\/v2\/posts"}],"about":[{"href":"https:\/\/www.europesays.com\/pt\/wp-json\/wp\/v2\/types\/post"}],"author":[{"embeddable":true,"href":"https:\/\/www.europesays.com\/pt\/wp-json\/wp\/v2\/users\/2"}],"replies":[{"embeddable":true,"href":"https:\/\/www.europesays.com\/pt\/wp-json\/wp\/v2\/comments?post=72573"}],"version-history":[{"count":0,"href":"https:\/\/www.europesays.com\/pt\/wp-json\/wp\/v2\/posts\/72573\/revisions"}],"wp:featuredmedia":[{"embeddable":true,"href":"https:\/\/www.europesays.com\/pt\/wp-json\/wp\/v2\/media\/72574"}],"wp:attachment":[{"href":"https:\/\/www.europesays.com\/pt\/wp-json\/wp\/v2\/media?parent=72573"}],"wp:term":[{"taxonomy":"category","embeddable":true,"href":"https:\/\/www.europesays.com\/pt\/wp-json\/wp\/v2\/categories?post=72573"},{"taxonomy":"post_tag","embeddable":true,"href":"https:\/\/www.europesays.com\/pt\/wp-json\/wp\/v2\/tags?post=72573"}],"curies":[{"name":"wp","href":"https:\/\/api.w.org\/{rel}","templated":true}]}}