{"id":72575,"date":"2025-09-15T16:30:12","date_gmt":"2025-09-15T16:30:12","guid":{"rendered":"https:\/\/www.europesays.com\/pt\/72575\/"},"modified":"2025-09-15T16:30:12","modified_gmt":"2025-09-15T16:30:12","slug":"motogp-miguel-oliveira-e-10o-nos-testes-a-duas-horas-do-fim","status":"publish","type":"post","link":"https:\/\/www.europesays.com\/pt\/72575\/","title":{"rendered":"MotoGP: Miguel Oliveira \u00e9 10\u00ba nos testes a duas horas do fim"},"content":{"rendered":"<p>Miguel Oliveira est\u00e1 a testar em Misano durante o dia de hoje. O piloto portugu\u00eas n\u00e3o est\u00e1 incluido entre os pilotos da Yamaha que est\u00e3o a testar o novo prot\u00f3tipo com motor V4, no entanto, o piloto da Prima Pramac Yamaha est\u00e1 a testar com a sua YZR-M1 com motor em de quatro cilindros em linha e a moto atual.<\/p>\n<p>Atualmente, a duas horas do final dos testes, Miguel Oliveira encontra-se na 10\u00aa posi\u00e7\u00e3o com o melhor registo pessoal de 1:31.578 e como o melhor piloto Yamaha de momento. Recordamos que os outros tr\u00eas pilotos Yamaha est\u00e3o a testar o novo prot\u00f3tipo com motor V4.<\/p>\n<p>Oliveira continua assim a sua evolu\u00e7\u00e3o de adapta\u00e7\u00e3o \u00e0 M1, depois de registar o melhor resultado do ano, pela segunda vez em fins de semana consecutivos, na 9\u00aa posi\u00e7\u00e3o da geral do GP de San Marino.<\/p>\n","protected":false},"excerpt":{"rendered":"Miguel Oliveira est\u00e1 a testar em Misano durante o dia de hoje. O piloto portugu\u00eas n\u00e3o est\u00e1 incluido&hellip;\n","protected":false},"author":2,"featured_media":72576,"comment_status":"","ping_status":"","sticky":false,"template":"","format":"standard","meta":{"footnotes":""},"categories":[8],"tags":[27,28,15,16,14,25,26,21,22,12,13,19,20,32,23,24,33,17,18,29,30,31],"class_list":{"0":"post-72575","1":"post","2":"type-post","3":"status-publish","4":"format-standard","5":"has-post-thumbnail","7":"category-principais-noticias","8":"tag-breaking-news","9":"tag-breakingnews","10":"tag-featured-news","11":"tag-featurednews","12":"tag-headlines","13":"tag-latest-news","14":"tag-latestnews","15":"tag-main-news","16":"tag-mainnews","17":"tag-news","18":"tag-noticias","19":"tag-noticias-principais","20":"tag-noticiasprincipais","21":"tag-portugal","22":"tag-principais-noticias","23":"tag-principaisnoticias","24":"tag-pt","25":"tag-top-stories","26":"tag-topstories","27":"tag-ultimas","28":"tag-ultimas-noticias","29":"tag-ultimasnoticias"},"share_on_mastodon":{"url":"","error":""},"_links":{"self":[{"href":"https:\/\/www.europesays.com\/pt\/wp-json\/wp\/v2\/posts\/72575","targetHints":{"allow":["GET"]}}],"collection":[{"href":"https:\/\/www.europesays.com\/pt\/wp-json\/wp\/v2\/posts"}],"about":[{"href":"https:\/\/www.europesays.com\/pt\/wp-json\/wp\/v2\/types\/post"}],"author":[{"embeddable":true,"href":"https:\/\/www.europesays.com\/pt\/wp-json\/wp\/v2\/users\/2"}],"replies":[{"embeddable":true,"href":"https:\/\/www.europesays.com\/pt\/wp-json\/wp\/v2\/comments?post=72575"}],"version-history":[{"count":0,"href":"https:\/\/www.europesays.com\/pt\/wp-json\/wp\/v2\/posts\/72575\/revisions"}],"wp:featuredmedia":[{"embeddable":true,"href":"https:\/\/www.europesays.com\/pt\/wp-json\/wp\/v2\/media\/72576"}],"wp:attachment":[{"href":"https:\/\/www.europesays.com\/pt\/wp-json\/wp\/v2\/media?parent=72575"}],"wp:term":[{"taxonomy":"category","embeddable":true,"href":"https:\/\/www.europesays.com\/pt\/wp-json\/wp\/v2\/categories?post=72575"},{"taxonomy":"post_tag","embeddable":true,"href":"https:\/\/www.europesays.com\/pt\/wp-json\/wp\/v2\/tags?post=72575"}],"curies":[{"name":"wp","href":"https:\/\/api.w.org\/{rel}","templated":true}]}}