{"id":72579,"date":"2025-09-15T16:33:12","date_gmt":"2025-09-15T16:33:12","guid":{"rendered":"https:\/\/www.europesays.com\/pt\/72579\/"},"modified":"2025-09-15T16:33:12","modified_gmt":"2025-09-15T16:33:12","slug":"entre-ficcao-e-realidade-publishnews","status":"publish","type":"post","link":"https:\/\/www.europesays.com\/pt\/72579\/","title":{"rendered":"Entre fic\u00e7\u00e3o e realidade | PublishNews"},"content":{"rendered":"<p>Entre fic\u00e7\u00e3o e realidade<\/p>\n<p>PublishNews, Reda\u00e7\u00e3o, 15\/09\/2025<\/p>\n<p>Em &#8216;A besta nas sombras&#8217;, um escritor de romances policiais e uma mulher rica e casada cruzam caminhos por acaso em um museu, iniciando uma amizade improv\u00e1vel<\/p>\n<p>\t\t\t\t\t\t\t\t\t\t\t\t\t\t\t\t<img loading=\"lazy\" decoding=\"async\" src=\"https:\/\/www.europesays.com\/pt\/wp-content\/uploads\/2025\/09\/toHRtJASe8z3rZ0AOO2GRxzhUvOV79VkCl3lV32HYMMPP5WhfTTkTn2HGOmE5n0Mb1ACKQJFTajav1RI.jpg\" width=\"126\" height=\"198\" \/>Em A besta nas sombras (<a href=\"https:\/\/www.publishnews.com.br\/etiquetas\/harpercollins\" rel=\"nofollow noopener\" target=\"_blank\">HarperCollins<\/a>, 128 pp, R$ 54,90 \u2013 Trad.: Jefferson Jos\u00e9 Teixeira), de Edogawa Ranpo, um escritor de romances policiais e uma mulher rica e casada cruzam caminhos por acaso em um museu, iniciando uma amizade improv\u00e1vel, marcada por confid\u00eancias e segredos. Quando ela revela estar recebendo cartas amea\u00e7adoras de um ex-namorado, o autor \u2015 habituado a resolver mist\u00e9rios em suas hist\u00f3rias \u2015 decide ajud\u00e1-la a descobrir a verdade. Mas, \u00e0 medida que novas pistas surgem e um corpo \u00e9 descoberto, o que parecia ser apenas um jogo de l\u00f3gica ganha contornos tenebrosos\u2026 Ser\u00e1 que a besta nas sombras mostrar\u00e1 seu verdadeiro rosto antes que fa\u00e7a sua pr\u00f3xima v\u00edtima? Edogawa Ranpo \u00e9 um pseud\u00f4nimo para Tar\u00f5 Hirai, escritor japon\u00eas com influ\u00eancia nas hist\u00f3rias de romance policial, tanto no Jap\u00e3o quanto no ocidente, considerado uns dos pioneiros desse g\u00eanero de literatura no Jap\u00e3o. Suas hist\u00f3rias e maneira de escrever foram inspiradas principalmente em Edgar Allan Poe.<\/p>\n","protected":false},"excerpt":{"rendered":"Entre fic\u00e7\u00e3o e realidade PublishNews, Reda\u00e7\u00e3o, 15\/09\/2025 Em &#8216;A besta nas sombras&#8217;, um escritor de romances policiais e&hellip;\n","protected":false},"author":2,"featured_media":17657,"comment_status":"","ping_status":"","sticky":false,"template":"","format":"standard","meta":{"footnotes":""},"categories":[143],"tags":[868,877,867,169,869,872,873,880,114,115,874,870,875,878,879,864,876,237,871,170,865,866,13,32,33],"class_list":{"0":"post-72579","1":"post","2":"type-post","3":"status-publish","4":"format-standard","5":"has-post-thumbnail","7":"category-livros","8":"tag-best-seller","9":"tag-biblioteca","10":"tag-bienal-do-livro","11":"tag-books","12":"tag-clipping","13":"tag-e-book","14":"tag-ebook","15":"tag-editora","16":"tag-entertainment","17":"tag-entretenimento","18":"tag-escritor","19":"tag-eventos","20":"tag-festival-literario","21":"tag-lancamentos","22":"tag-leitura","23":"tag-literatura","24":"tag-livraria","25":"tag-livro","26":"tag-livro-digital","27":"tag-livros","28":"tag-mercado-editorial","29":"tag-mercado-livreiro","30":"tag-noticias","31":"tag-portugal","32":"tag-pt"},"share_on_mastodon":{"url":"","error":""},"_links":{"self":[{"href":"https:\/\/www.europesays.com\/pt\/wp-json\/wp\/v2\/posts\/72579","targetHints":{"allow":["GET"]}}],"collection":[{"href":"https:\/\/www.europesays.com\/pt\/wp-json\/wp\/v2\/posts"}],"about":[{"href":"https:\/\/www.europesays.com\/pt\/wp-json\/wp\/v2\/types\/post"}],"author":[{"embeddable":true,"href":"https:\/\/www.europesays.com\/pt\/wp-json\/wp\/v2\/users\/2"}],"replies":[{"embeddable":true,"href":"https:\/\/www.europesays.com\/pt\/wp-json\/wp\/v2\/comments?post=72579"}],"version-history":[{"count":0,"href":"https:\/\/www.europesays.com\/pt\/wp-json\/wp\/v2\/posts\/72579\/revisions"}],"wp:featuredmedia":[{"embeddable":true,"href":"https:\/\/www.europesays.com\/pt\/wp-json\/wp\/v2\/media\/17657"}],"wp:attachment":[{"href":"https:\/\/www.europesays.com\/pt\/wp-json\/wp\/v2\/media?parent=72579"}],"wp:term":[{"taxonomy":"category","embeddable":true,"href":"https:\/\/www.europesays.com\/pt\/wp-json\/wp\/v2\/categories?post=72579"},{"taxonomy":"post_tag","embeddable":true,"href":"https:\/\/www.europesays.com\/pt\/wp-json\/wp\/v2\/tags?post=72579"}],"curies":[{"name":"wp","href":"https:\/\/api.w.org\/{rel}","templated":true}]}}