{"id":72586,"date":"2025-09-15T16:37:17","date_gmt":"2025-09-15T16:37:17","guid":{"rendered":"https:\/\/www.europesays.com\/pt\/72586\/"},"modified":"2025-09-15T16:37:17","modified_gmt":"2025-09-15T16:37:17","slug":"noronha-lopes-anuncia-pedro-ferreira-e-tomas-amaral-para-a-estrutura","status":"publish","type":"post","link":"https:\/\/www.europesays.com\/pt\/72586\/","title":{"rendered":"Noronha Lopes anuncia Pedro Ferreira e Tom\u00e1s Amaral para a estrutura"},"content":{"rendered":"<p>A candidatura de Jo\u00e3o Noronha Lopes para a presid\u00eancia do Benfica confirmou que Pedro Ferreira e Tom\u00e1s Amaral v\u00e3o integrar os quadros do futebol profissional dos encarnados caso o candidato seja eleito.<\/p>\n<p>\u00abS\u00e3o dois ativos extraordin\u00e1rios para o futuro do Benfica. O Pedro e o Tom\u00e1s trazem um profundo conhecimento do que \u00e9 o Benfica e uma experi\u00eancia nacional e internacional fundamental para os desafios que temos pela frente: recuperar a cultura de vit\u00f3ria no Benfica, voltar a concretizar uma ambi\u00e7\u00e3o nacional e europeia, e garantir que o fazemos com uma estrutura em que a compet\u00eancia est\u00e1 presente em toda a linha, que re\u00fane as condi\u00e7\u00f5es ideais para um trabalho realizado de forma conjunta por toda a gente no futebol. S\u00f3 assim poderemos colocar o Benfica novamente no topo\u00bb, referiu Noronha Lopes numa nota de imprensa enviada \u00e0s reda\u00e7\u00f5es.<\/p>\n<p><strong><a href=\"https:\/\/maisfutebol.iol.pt\/pedro-ferreira\/entrevista\/futebol-profissional-pressao-de-nao-falhar-existiu-desde-o-dia-em-que-entrei-no-benfica\" rel=\"nofollow noopener\" target=\"_blank\">CONHE\u00c7A MELHOR SOBRE PEDRO FERREIRA NESTA ENTREVISTA AO MAISFUTEBOL<\/a><\/strong><\/p>\n<p><strong><a href=\"https:\/\/maisfutebol.iol.pt\/tomas-amaral\/entrevista-tomas-amaral\/ver-aquilo-em-que-o-jogador-se-tornou-e-termos-a-sensacao-de-que-o-antecipamos-e-fascinante\" rel=\"nofollow noopener\" target=\"_blank\">CONHE\u00c7A MELHOR TOM\u00c1S AMARAL NESTA ENTREVISTA AO MAISFUTEBOL<\/a><\/strong><\/p>\n<p>Pedro Ferreira (na foto de capa) ser\u00e1 diretor-geral para o futebol, figura imediatamente abaixo da do vice-presidente (Nuno Gomes), e Tom\u00e1s Amaral (na foto abaixo) o diretor-desportivo.<\/p>\n<p><img loading=\"lazy\" decoding=\"async\" alt=\"\" height=\"366\" src=\"https:\/\/www.europesays.com\/pt\/wp-content\/uploads\/2025\/09\/68c7d8b1d34ee0c2fed018ca.webp\" width=\"650\"\/><\/p>\n<p>Recorde-se que Pedro Ferreira e Tom\u00e1s Amaral trabalharam juntos no departamento de scouting do futebol profissional Benfica. O primeiro trabalhou entre 2007 e 2024 no clube e foi coordenador do referido departamento entre 2019 e 2024 (at\u00e9 sair para os ingleses do Nottingham Forest), enquanto o segundo saiu no final de 2023 para assumir fun\u00e7\u00f5es como diretor-desportivo do Spartak Moscovo.<\/p>\n<p>A candidatura de Jo\u00e3o Noronha Lopes divulgou ainda o organograma para o futebol profissional e da forma\u00e7\u00e3o e as \u00e1reas de atua\u00e7\u00e3o\/abrang\u00eancia dos diretores.<\/p>\n<p><img loading=\"lazy\" decoding=\"async\" alt=\"\" height=\"620\" src=\"https:\/\/www.europesays.com\/pt\/wp-content\/uploads\/2025\/09\/68c7d7d3d34e58bc6795bc61.webp\" width=\"1280\"\/><\/p>\n","protected":false},"excerpt":{"rendered":"A candidatura de Jo\u00e3o Noronha Lopes para a presid\u00eancia do Benfica confirmou que Pedro Ferreira e Tom\u00e1s Amaral&hellip;\n","protected":false},"author":2,"featured_media":72587,"comment_status":"","ping_status":"","sticky":false,"template":"","format":"standard","meta":{"footnotes":""},"categories":[87],"tags":[51,135,11568,9940,46,15081,32,33,47,134],"class_list":{"0":"post-72586","1":"post","2":"type-post","3":"status-publish","4":"format-standard","5":"has-post-thumbnail","7":"category-desporto","8":"tag-benfica","9":"tag-desporto","10":"tag-eleicoes-benfica","11":"tag-joao-noronha-lopes","12":"tag-maisfutebol","13":"tag-noronha-lopes","14":"tag-portugal","15":"tag-pt","16":"tag-pura-paixao","17":"tag-sports"},"share_on_mastodon":{"url":"","error":""},"_links":{"self":[{"href":"https:\/\/www.europesays.com\/pt\/wp-json\/wp\/v2\/posts\/72586","targetHints":{"allow":["GET"]}}],"collection":[{"href":"https:\/\/www.europesays.com\/pt\/wp-json\/wp\/v2\/posts"}],"about":[{"href":"https:\/\/www.europesays.com\/pt\/wp-json\/wp\/v2\/types\/post"}],"author":[{"embeddable":true,"href":"https:\/\/www.europesays.com\/pt\/wp-json\/wp\/v2\/users\/2"}],"replies":[{"embeddable":true,"href":"https:\/\/www.europesays.com\/pt\/wp-json\/wp\/v2\/comments?post=72586"}],"version-history":[{"count":0,"href":"https:\/\/www.europesays.com\/pt\/wp-json\/wp\/v2\/posts\/72586\/revisions"}],"wp:featuredmedia":[{"embeddable":true,"href":"https:\/\/www.europesays.com\/pt\/wp-json\/wp\/v2\/media\/72587"}],"wp:attachment":[{"href":"https:\/\/www.europesays.com\/pt\/wp-json\/wp\/v2\/media?parent=72586"}],"wp:term":[{"taxonomy":"category","embeddable":true,"href":"https:\/\/www.europesays.com\/pt\/wp-json\/wp\/v2\/categories?post=72586"},{"taxonomy":"post_tag","embeddable":true,"href":"https:\/\/www.europesays.com\/pt\/wp-json\/wp\/v2\/tags?post=72586"}],"curies":[{"name":"wp","href":"https:\/\/api.w.org\/{rel}","templated":true}]}}