{"id":72588,"date":"2025-09-15T16:38:06","date_gmt":"2025-09-15T16:38:06","guid":{"rendered":"https:\/\/www.europesays.com\/pt\/72588\/"},"modified":"2025-09-15T16:38:06","modified_gmt":"2025-09-15T16:38:06","slug":"secretaria-municipal-de-saude-de-lagarto-promove-palestra-sobre-obesidade-e-orienta-comunidade-sobre-prevencao","status":"publish","type":"post","link":"https:\/\/www.europesays.com\/pt\/72588\/","title":{"rendered":"Secretaria Municipal de Sa\u00fade de Lagarto promove palestra sobre obesidade e orienta comunidade sobre preven\u00e7\u00e3o"},"content":{"rendered":"<p>\n\tA Secretaria Municipal de Sa\u00fade (SMS) de Lagarto realizou na manh\u00e3 desta segunda-feira, 15, na UBS Jos\u00e9 Serafim, no povoado Brejo, uma palestra sobre obesidade e as suas consequ\u00eancias. A a\u00e7\u00e3o teve como objetivo conscientizar a popula\u00e7\u00e3o sobre os riscos da doen\u00e7a, suas complica\u00e7\u00f5es e as principais formas de preven\u00e7\u00e3o. A palestra foi conduzida pelo nutr\u00f3logo Dr. Marlon Batista, que abordou a import\u00e2ncia de entender a obesidade como uma condi\u00e7\u00e3o de sa\u00fade que requer aten\u00e7\u00e3o e cuidados.<\/p>\n<p>\n\t\u00a0<\/p>\n<p>\n\tDurante sua fala, Dr. Marlon destacou que muitas pessoas n\u00e3o percebem os riscos associados \u00e0 obesidade e, por isso, n\u00e3o buscam o tratamento adequado. O m\u00e9dico ressaltou que a obesidade pode levar ao desenvolvimento de doen\u00e7as cr\u00f4nicas, como hipertens\u00e3o e diabetes, e que a preven\u00e7\u00e3o \u00e9 a chave para evitar essas complica\u00e7\u00f5es. \u201cA obesidade \u00e9 uma doen\u00e7a negligenciada, e muitas pessoas continuam com h\u00e1bitos alimentares prejudiciais sem perceber o quanto isso afeta sua sa\u00fade\u201d, explicou o especialista.<\/p>\n<p>\n\t\u00a0<\/p>\n<p>\n\tO evento tamb\u00e9m contou com a aferi\u00e7\u00e3o de peso e altura dos participantes, permitindo que os moradores avaliassem seu \u00edndice de massa corporal (IMC) e refletissem sobre a import\u00e2ncia de adotar h\u00e1bitos saud\u00e1veis no dia a dia. Al\u00e9m disso, a a\u00e7\u00e3o enfatizou a pr\u00e1tica regular de atividades f\u00edsicas e a import\u00e2ncia de uma alimenta\u00e7\u00e3o balanceada para a preven\u00e7\u00e3o de doen\u00e7as.<\/p>\n<p>\n\t\u00a0<\/p>\n<p>\n\tRicl\u00e9cia Silva Andrade, moradora local, destacou a relev\u00e2ncia da palestra. \u201cAprendi muito sobre como posso melhorar meus h\u00e1bitos e cuidar melhor da minha sa\u00fade. Com certeza, vou procurar mudar minha alimenta\u00e7\u00e3o e adotar uma vida mais saud\u00e1vel\u201d, afirmou.<\/p>\n<p>\u00a0<\/p>\n","protected":false},"excerpt":{"rendered":"A Secretaria Municipal de Sa\u00fade (SMS) de Lagarto realizou na manh\u00e3 desta segunda-feira, 15, na UBS Jos\u00e9 Serafim,&hellip;\n","protected":false},"author":2,"featured_media":72589,"comment_status":"","ping_status":"","sticky":false,"template":"","format":"standard","meta":{"footnotes":""},"categories":[86],"tags":[116,13976,13975,32,13973,13974,33,117],"class_list":{"0":"post-72588","1":"post","2":"type-post","3":"status-publish","4":"format-standard","5":"has-post-thumbnail","7":"category-saude","8":"tag-health","9":"tag-lagarto-se","10":"tag-pm-lagarto","11":"tag-portugal","12":"tag-prefeitura-lagarto-se","13":"tag-prefeitura-municipal-de-lagarto-se","14":"tag-pt","15":"tag-saude"},"share_on_mastodon":{"url":"","error":""},"_links":{"self":[{"href":"https:\/\/www.europesays.com\/pt\/wp-json\/wp\/v2\/posts\/72588","targetHints":{"allow":["GET"]}}],"collection":[{"href":"https:\/\/www.europesays.com\/pt\/wp-json\/wp\/v2\/posts"}],"about":[{"href":"https:\/\/www.europesays.com\/pt\/wp-json\/wp\/v2\/types\/post"}],"author":[{"embeddable":true,"href":"https:\/\/www.europesays.com\/pt\/wp-json\/wp\/v2\/users\/2"}],"replies":[{"embeddable":true,"href":"https:\/\/www.europesays.com\/pt\/wp-json\/wp\/v2\/comments?post=72588"}],"version-history":[{"count":0,"href":"https:\/\/www.europesays.com\/pt\/wp-json\/wp\/v2\/posts\/72588\/revisions"}],"wp:featuredmedia":[{"embeddable":true,"href":"https:\/\/www.europesays.com\/pt\/wp-json\/wp\/v2\/media\/72589"}],"wp:attachment":[{"href":"https:\/\/www.europesays.com\/pt\/wp-json\/wp\/v2\/media?parent=72588"}],"wp:term":[{"taxonomy":"category","embeddable":true,"href":"https:\/\/www.europesays.com\/pt\/wp-json\/wp\/v2\/categories?post=72588"},{"taxonomy":"post_tag","embeddable":true,"href":"https:\/\/www.europesays.com\/pt\/wp-json\/wp\/v2\/tags?post=72588"}],"curies":[{"name":"wp","href":"https:\/\/api.w.org\/{rel}","templated":true}]}}