{"id":72598,"date":"2025-09-15T16:44:07","date_gmt":"2025-09-15T16:44:07","guid":{"rendered":"https:\/\/www.europesays.com\/pt\/72598\/"},"modified":"2025-09-15T16:44:07","modified_gmt":"2025-09-15T16:44:07","slug":"empresa-que-jovens-queriam-salvar-eua-fecham-acordo-com-a-china-sobre-tiktok","status":"publish","type":"post","link":"https:\/\/www.europesays.com\/pt\/72598\/","title":{"rendered":"&#8220;Empresa que jovens queriam salvar&#8221;. EUA fecham acordo com a China sobre TikTok"},"content":{"rendered":"<p>Numa reuni\u00e3o na capital espanhola, esta segunda-feira, os representantes comerciais dos Estados Unidos e da China chegaram a acordo sobre a operacionalidade da rede social chinesa TikTok, avan\u00e7ando nas negocia\u00e7\u00f5es que come\u00e7aram ainda no primeiro mandato de Donald Trump.<\/p>\n<p>Sem referir o nome da plataforma, o presidente norte-americano confirmou nas redes sociais que a reuni\u00e3o terminou com um acordo sobre \u201cuma certa empresa que os jovens queriam salvar\u201d.&#13;\n<\/p>\n<p><b>\u201cA grande reuni\u00e3o comercial na Europa entre os Estados Unidos e a China correu muito bem\u201d<\/b>, escreveu Trump na plataforma Truth Social, adiantando que vai falar ao telefone com o Presidente chin\u00eas sobre o acordo na sexta-feira.<\/p>\n<p>\u201cA rela\u00e7\u00e3o continua forte!\u201d, acrescentou.<br \/>&#13;\n<\/p>\n<p>&#13;<br \/>\nPouco depois, o secret\u00e1rio do Tesouro dos EUA, Scott Bessent, confirou que tinha sido alcan\u00e7ado um quadro do acordo e que est\u00e1 prevista uma reuni\u00e3o entre Trump e o l\u00edder chin\u00eas Xi Jinping na sexta-feira para finalizar o acordo.&#13;\n<\/p>\n<p>&#13;<br \/>\n<b>\u201cO presidente Trump teve um papel nisto. Tivemos uma conversa telef\u00f3nica com ele ontem \u00e0 noite, recebemos orienta\u00e7\u00f5es espec\u00edficas e partilh\u00e1mo-las com os nossos parceiros chineses\u201d<\/b>, disse Bessent em Madrid, citado pela CNN. <b>\u201cSem a lideran\u00e7a e a influ\u00eancia que [Trump] proporciona, n\u00e3o ter\u00edamos conseguido fechar o acordo hoje&#8221;<\/b>.&#13;\n<\/p>\n<p>A delega\u00e7\u00e3o dos Estados Unidos foi liderada por Scott Bessent, enquanto a China esteve representada pelo vice-primeiro-ministro He Lifeng. Pouco depois do an\u00fancio de Trump, Bessent disse que o acordo com a China prev\u00ea que a propriedade da filial do TikTok nos Estados Unidos fique em m\u00e3os norte-americanas, sem dar detalhes sobre a opera\u00e7\u00e3o.<\/p>\n<p><b>\u201cO quadro do acordo \u00e9 que o TikTok passe a uma propriedade controlada pelos Estados Unidos, mas isso ter\u00e1 de ser confirmado pelos l\u00edderes na sexta-feira. N\u00f3s estabelecemos um quadro, eles ter\u00e3o de confirmar o acordo\u201d<\/b>, declarou. \u201cN\u00e3o vamos falar dos termos comerciais do acordo porque se trata de duas partes privadas, mas os termos comerciais j\u00e1 foram acordados\u201d.<\/p>\n<p>&#13;<br \/>\n<b>Ainda n\u00e3o h\u00e1 detalhes sobre quem ser\u00e1 o comprador apoiado pelos EUA, mas espera-se que o grupo seja liderado pelo presidente executivo da Oracle, Larry Ellison, que na semana passada se tornou a pessoa mais rica do mundo.<\/b> Em janeiro, Trump j\u00e1 tinha manifestado apoio a Ellison na compra dos ativos norte-americanos na plataforma.&#13;\n<\/p>\n<p>Os representantes chineses e norte-americanos reuniram-se esta semana, em Espanha, para discutir quest\u00f5es ligadas aos com\u00e9rcio e outros assuntos. Bessent, que liderou a \u00faltima ronda de negocia\u00e7\u00f5es comerciais com a China em nome dos Estados Unidos, afirmou que o TikTok era um dos assuntos que provavelmente seria discutido.<\/p>\n<p>\u201cEst\u00e1vamos muito focados no TikTok e em garantir que fosse um acordo justo para os chineses e que respeitasse totalmente as preocupa\u00e7\u00f5es com a seguran\u00e7a nacional dos EUA, e foi esse o acordo que alcan\u00e7amos\u201d, disse Bessent. <b>\u201cE, claro, queremos garantir que os chineses tenham um ambiente justo e de investimento nos Estados Unidos, mas sempre com a seguran\u00e7a nacional dos EUA em primeiro lugar&#8221;<\/b>.&#13;\n<\/p>\n<p>A reuni\u00e3o das delega\u00e7\u00f5es norte-americana e chinesa realizou-se no Pal\u00e1cio de Santa Cruz, sede do Minist\u00e9rio dos Neg\u00f3cios Estrangeiros espanhol, em Madrid.<\/p>\n<p>Trump tinha estabelecido como prazo o dia 17 de setembro para que a empresa-m\u00e3e chinesa do TikTok, a ByteDance, vendesse a filial da rede social nos Estados Unidos.\u00a0Recorde-se que o presidente dos EUA n\u00e3o via com bons olhos que o Governo de Pequim pudesse ter acesso a dados de milh\u00f5es de cidad\u00e3os norte-americanos, o que justificava para proibir a utiliza\u00e7\u00e3o da aplica\u00e7\u00e3o no pa\u00eds.&#13;\n<\/p>\n<p>O TikTok nasceu em 2016 como Douyin, uma aplica\u00e7\u00e3o de v\u00eddeos curtos lan\u00e7ada na China pela empresa ByteDance. O sucesso local levou \u00e0 cria\u00e7\u00e3o de uma vers\u00e3o internacional, o TikTok, que se expandiu rapidamente ap\u00f3s a aquisi\u00e7\u00e3o da norte-americana Musical.ly em 2017.<\/p>\n<p>Essa compra abriu-lhe as portas do mercado dos Estados Unidos e permitiu-lhe consolidar-se como uma das aplica\u00e7\u00f5es mais populares entre os jovens.<\/p>\n<p>C\/ag\u00eancias<br \/>&#13;<\/p>\n","protected":false},"excerpt":{"rendered":"Numa reuni\u00e3o na capital espanhola, esta segunda-feira, os representantes comerciais dos Estados Unidos e da China chegaram a&hellip;\n","protected":false},"author":2,"featured_media":72599,"comment_status":"","ping_status":"","sticky":false,"template":"","format":"standard","meta":{"footnotes":""},"categories":[8],"tags":[27,28,15,16,14,25,26,21,22,12,13,19,20,32,23,24,33,420,421,17,18,29,30,31],"class_list":{"0":"post-72598","1":"post","2":"type-post","3":"status-publish","4":"format-standard","5":"has-post-thumbnail","7":"category-principais-noticias","8":"tag-breaking-news","9":"tag-breakingnews","10":"tag-featured-news","11":"tag-featurednews","12":"tag-headlines","13":"tag-latest-news","14":"tag-latestnews","15":"tag-main-news","16":"tag-mainnews","17":"tag-news","18":"tag-noticias","19":"tag-noticias-principais","20":"tag-noticiasprincipais","21":"tag-portugal","22":"tag-principais-noticias","23":"tag-principaisnoticias","24":"tag-pt","25":"tag-rtp","26":"tag-rtp-noticias","27":"tag-top-stories","28":"tag-topstories","29":"tag-ultimas","30":"tag-ultimas-noticias","31":"tag-ultimasnoticias"},"share_on_mastodon":{"url":"","error":""},"_links":{"self":[{"href":"https:\/\/www.europesays.com\/pt\/wp-json\/wp\/v2\/posts\/72598","targetHints":{"allow":["GET"]}}],"collection":[{"href":"https:\/\/www.europesays.com\/pt\/wp-json\/wp\/v2\/posts"}],"about":[{"href":"https:\/\/www.europesays.com\/pt\/wp-json\/wp\/v2\/types\/post"}],"author":[{"embeddable":true,"href":"https:\/\/www.europesays.com\/pt\/wp-json\/wp\/v2\/users\/2"}],"replies":[{"embeddable":true,"href":"https:\/\/www.europesays.com\/pt\/wp-json\/wp\/v2\/comments?post=72598"}],"version-history":[{"count":0,"href":"https:\/\/www.europesays.com\/pt\/wp-json\/wp\/v2\/posts\/72598\/revisions"}],"wp:featuredmedia":[{"embeddable":true,"href":"https:\/\/www.europesays.com\/pt\/wp-json\/wp\/v2\/media\/72599"}],"wp:attachment":[{"href":"https:\/\/www.europesays.com\/pt\/wp-json\/wp\/v2\/media?parent=72598"}],"wp:term":[{"taxonomy":"category","embeddable":true,"href":"https:\/\/www.europesays.com\/pt\/wp-json\/wp\/v2\/categories?post=72598"},{"taxonomy":"post_tag","embeddable":true,"href":"https:\/\/www.europesays.com\/pt\/wp-json\/wp\/v2\/tags?post=72598"}],"curies":[{"name":"wp","href":"https:\/\/api.w.org\/{rel}","templated":true}]}}