{"id":72604,"date":"2025-09-15T16:48:16","date_gmt":"2025-09-15T16:48:16","guid":{"rendered":"https:\/\/www.europesays.com\/pt\/72604\/"},"modified":"2025-09-15T16:48:16","modified_gmt":"2025-09-15T16:48:16","slug":"isto-e-muito-perigoso-pedro-e-ana-ja-fingem-que-se-estao-a-apaixonar-e-deixam-cristina-ferreira-e-claudio-ramos-em-extase-secret-story","status":"publish","type":"post","link":"https:\/\/www.europesays.com\/pt\/72604\/","title":{"rendered":"\u00abIsto \u00e9 muito perigoso\u00bb: Pedro e Ana j\u00e1 fingem que se est\u00e3o a apaixonar e deixam Cristina Ferreira e Cl\u00e1udio Ramos em \u00eaxtase &#8211; Secret Story"},"content":{"rendered":"<p>Na gala do<strong> Secret Story &#8211; Casa dos Segredos 9, Pedro entrou com a mulher, Marisa<\/strong>, mas os dois devem fingir que n\u00e3o se conhecem para proteger os seus segredos at\u00e9 ao fim.<\/p>\n<p>Para dificultar a tarefa, <strong>Pedro recebeu a miss\u00e3o de fingir que se est\u00e1 a apaixonar por outra concorrente, Ana. <\/strong>Esta manh\u00e3, os dois j\u00e1 puseram o plano em pr\u00e1tica. As imagens foram emitidas no Dois \u00e0s 10 e deixaram Cristina Ferreira e Cl\u00e1udio Ramos em choque. Veja as imagens.<\/p>\n<p><strong>VEJA TAMB\u00c9M:\u00a0<a href=\"https:\/\/tvi.iol.pt\/secretstory\/segredos\/15-09-2025\/tenho-um-altar-de-objetos-sexuais-conheca-todos-os-segredos-bombasticos-do-novo-secret-story\" wbo-id=\"60\" rel=\"nofollow noopener\" target=\"_blank\">Conhe\u00e7a todos os segredos bomb\u00e1sticos do novo Secret Story<\/a><\/strong><\/p>\n","protected":false},"excerpt":{"rendered":"Na gala do Secret Story &#8211; Casa dos Segredos 9, Pedro entrou com a mulher, Marisa, mas os&hellip;\n","protected":false},"author":2,"featured_media":72605,"comment_status":"","ping_status":"","sticky":false,"template":"","format":"standard","meta":{"footnotes":""},"categories":[142],"tags":[6340,329,166,801,114,115,18800,14646,32,33,151,162,18801],"class_list":{"0":"post-72604","1":"post","2":"type-post","3":"status-publish","4":"format-standard","5":"has-post-thumbnail","7":"category-tv","8":"tag-ana","9":"tag-claudio-ramos","10":"tag-cristina-ferreira","11":"tag-dois-as-10","12":"tag-entertainment","13":"tag-entretenimento","14":"tag-momentos-virais-secret-story","15":"tag-pedro","16":"tag-portugal","17":"tag-pt","18":"tag-tv","19":"tag-tvi","20":"tag-videos-virais-concorrentes"},"share_on_mastodon":{"url":"","error":""},"_links":{"self":[{"href":"https:\/\/www.europesays.com\/pt\/wp-json\/wp\/v2\/posts\/72604","targetHints":{"allow":["GET"]}}],"collection":[{"href":"https:\/\/www.europesays.com\/pt\/wp-json\/wp\/v2\/posts"}],"about":[{"href":"https:\/\/www.europesays.com\/pt\/wp-json\/wp\/v2\/types\/post"}],"author":[{"embeddable":true,"href":"https:\/\/www.europesays.com\/pt\/wp-json\/wp\/v2\/users\/2"}],"replies":[{"embeddable":true,"href":"https:\/\/www.europesays.com\/pt\/wp-json\/wp\/v2\/comments?post=72604"}],"version-history":[{"count":0,"href":"https:\/\/www.europesays.com\/pt\/wp-json\/wp\/v2\/posts\/72604\/revisions"}],"wp:featuredmedia":[{"embeddable":true,"href":"https:\/\/www.europesays.com\/pt\/wp-json\/wp\/v2\/media\/72605"}],"wp:attachment":[{"href":"https:\/\/www.europesays.com\/pt\/wp-json\/wp\/v2\/media?parent=72604"}],"wp:term":[{"taxonomy":"category","embeddable":true,"href":"https:\/\/www.europesays.com\/pt\/wp-json\/wp\/v2\/categories?post=72604"},{"taxonomy":"post_tag","embeddable":true,"href":"https:\/\/www.europesays.com\/pt\/wp-json\/wp\/v2\/tags?post=72604"}],"curies":[{"name":"wp","href":"https:\/\/api.w.org\/{rel}","templated":true}]}}