{"id":72612,"date":"2025-09-15T16:52:13","date_gmt":"2025-09-15T16:52:13","guid":{"rendered":"https:\/\/www.europesays.com\/pt\/72612\/"},"modified":"2025-09-15T16:52:13","modified_gmt":"2025-09-15T16:52:13","slug":"exame-de-sangue-pode-ajudar-a-identificar-alzheimer-precoce-diz-novo-estudo","status":"publish","type":"post","link":"https:\/\/www.europesays.com\/pt\/72612\/","title":{"rendered":"Exame de sangue pode ajudar a identificar Alzheimer precoce, diz novo estudo"},"content":{"rendered":"<p>Cientistas da Escola de Medicina da Universidade da Calif\u00f3rnia encontraram uma liga\u00e7\u00e3o entre o decl\u00ednio cognitivo (como dem\u00eancia e Alzheimer) e biomarcadores sangu\u00edneos em adultos hisp\u00e2nicos e latinos que moram nos Estados Unidos. Segundo os pesquisadores, essa descoberta pode abrir caminho para um simples exame de sangue capaz de ajudar no diagn\u00f3stico da doen\u00e7a de Alzheimer e de outras dem\u00eancias relacionadas.\u00a0<\/p>\n<p>A abordagem seria mais veloz, menos invasiva e mais acess\u00edvel do outras ferramentas j\u00e1 existentes. Os resultados foram publicados na revista JAMA Network Open no in\u00edcio deste m\u00eas.<\/p>\n<p>\u201cPrecisamos de formas de identificar doen\u00e7as neurodegenerativas subjacentes mais cedo em pacientes com sintomas cognitivos\u201d, disse um dos autores do estudo, Freddie M\u00e1rquez, pesquisador de p\u00f3s-doutorado no Departamento de Neuroci\u00eancias da universidade, em comunicado \u00e0 imprensa.<\/p>\n<p>\t\t\t\t\t\t\t\t\t\tOportunidade \u00fanica\t\t\t\t\t\t\t\t\t<\/p>\n<p>\t\t\t\t\t\t\t\t\t\tCart\u00e3o Legacy: muito al\u00e9m de um servi\u00e7o\n\t\t\t\t\t\t\t\t\t\t\t\t\t\t\t<\/p>\n<p>\t\t\t\t\t\t<img decoding=\"async\" class=\"w-full h-full object-cover\" src=\"https:\/\/www.europesays.com\/pt\/wp-content\/uploads\/2025\/09\/1757955133_385_900-x-300-com-texto-na-imagem-11.png\" alt=\"\"\/><\/p>\n<p>M\u00e1rquez afirma que o estudo mostra o potencial que os biomarcadores sangu\u00edneos possuem como ferramenta, especialmente em popula\u00e7\u00f5es que s\u00e3o pouco contempladas pelos m\u00e9todos tradicionais.<\/p>\n<p>Atualmente, existe somente um \u00fanico exame de sangue aprovado pela ag\u00eancia regulat\u00f3ria dos Estados Unidos, a Food and Drug Administration (FDA), que pode colaborar no diagn\u00f3stico da doen\u00e7a de Alzheimer. Com o nome de \u201cLumipulse G pTau217\/A\u03b242 plasma ratio\u201d, ele detecta se h\u00e1 prote\u00ednas associadas ao Alzheimer no sangue, por\u00e9m tem um custo elevado com disponibilidade somente em centros de atendimento especializados.<\/p>\n<p>Vale destacar que apesar dos avan\u00e7os e do estudo publicado recentemente, ainda n\u00e3o se sabe se o sangue pode ser utilizado de forma confi\u00e1vel para identifica\u00e7\u00e3o da doen\u00e7a em larga escala.<\/p>\n<p class=\"py-2\">Continua depois da publicidade<\/p>\n<p>        Entenda o estudo<\/p>\n<p>Para entender a quest\u00e3o, os pesquisadores utilizaram dados de um estudo cl\u00ednico que analisou a neurocogni\u00e7\u00e3o em um subconjunto de participantes do Hispanic Community Health Study\/Study of Latinos (Estudo da Sa\u00fade da Comunidade Hisp\u00e2nica\/Estudo dos Latinos, em tradu\u00e7\u00e3o livre) que at\u00e9 ent\u00e3o \u00e9 o maior e mais abrangente estudo de longo prazo sobre sa\u00fade e doen\u00e7as de hisp\u00e2nicos e latinos nos Estados Unidos.<\/p>\n<p>\u201cAdultos hisp\u00e2nicos e latinos parecem ter maior probabilidade de desenvolver Alzheimer e dem\u00eancias relacionadas, e esse grupo deve registrar os maiores aumentos de preval\u00eancia da doen\u00e7a nas pr\u00f3ximas d\u00e9cadas\u201d, disse outro autor da pesquisa, Hector Gonz\u00e1lez, professor do Departamento de Neuroci\u00eancias.\u00a0<\/p>\n<p>Ele ressalta que apesar disso, o grupo tende a ser pouco representado em pesquisas sobre Alzheimer e dem\u00eancia frequentemente, algo que o estudo da Universidade da Calif\u00f3rnia tentou corrigir.\u00a0<\/p>\n<p class=\"py-2\">Continua depois da publicidade<\/p>\n<p>Os pesquisadores analisaram o sangue de 5.712 adultos hisp\u00e2nicos e\/ou latinos com idades entre 50 e 86 anos, em busca de prote\u00ednas presentes no c\u00e9rebro de pessoas com Alzheimer, como beta-amiloide e tau.<\/p>\n<p>Segundo a pesquisa, os resultados apontam que:<\/p>\n<ul class=\"wp-block-list\">\n<li>N\u00edveis mais altos de NfL, um marcador de les\u00e3o nos neur\u00f4nios, e de GFAP, ligado \u00e0 inflama\u00e7\u00e3o cerebral, estavam relacionados a mais queixas de dificuldades no racioc\u00ednio, no planejamento e no desempenho cognitivo em geral.<\/li>\n<li>N\u00edveis elevados de NfL e da prote\u00edna tau (ptau-181) apareceram associados a relatos mais frequentes de perda de mem\u00f3ria.<\/li>\n<\/ul>\n<p>Por outro lado, a dosagem no sangue da prote\u00edna beta-amiloide (A\u03b242\/40), que costuma estar envolvida no desenvolvimento do Alzheimer no c\u00e9rebro, n\u00e3o mostrou rela\u00e7\u00e3o com queixas de decl\u00ednio cognitivo.<\/p>\n<p class=\"py-2\">Continua depois da publicidade<\/p>\n<p>Os cientistas destacaram que, mesmo em pessoas cognitivamente saud\u00e1veis, a rela\u00e7\u00e3o entre n\u00edveis mais altos de NfL e relatos de decl\u00ednio cognitivo se manteve. Isso sugere que esse marcador pode ser \u00fatil para identificar sinais muito iniciais de altera\u00e7\u00f5es cerebrais.<\/p>\n<p>O estudo tamb\u00e9m refor\u00e7a a ideia de que biomarcadores no sangue podem ajudar no diagn\u00f3stico precoce do Alzheimer e de outras dem\u00eancias. Outro ponto valorizado pelos pesquisadores foi a diversidade da amostra, considerada um diferencial importante para dar mais robustez aos resultados.<\/p>\n<p>\u201cAo incluir participantes de comunidades sub-representadas, conseguimos compreender melhor como determinantes sociais de sa\u00fade e comorbidades podem influenciar trajet\u00f3rias cognitivas e risco de dem\u00eancia\u201d, acrescentou M\u00e1rquez. \u201cIsso torna nossos achados especialmente relevantes em contextos do mundo real\u201d.<\/p>\n<p class=\"py-2\">Continua depois da publicidade<\/p>\n<p>Os autores refor\u00e7am que ser\u00e3o necess\u00e1rios mais estudos at\u00e9 que essa abordagem chegue \u00e0 pr\u00e1tica cl\u00ednica. Mesmo quando isso acontecer, o exame ser\u00e1 apenas uma ferramenta a mais no arsenal diagn\u00f3stico de um m\u00e9dico.<\/p>\n","protected":false},"excerpt":{"rendered":"Cientistas da Escola de Medicina da Universidade da Calif\u00f3rnia encontraram uma liga\u00e7\u00e3o entre o decl\u00ednio cognitivo (como dem\u00eancia&hellip;\n","protected":false},"author":2,"featured_media":72613,"comment_status":"","ping_status":"","sticky":false,"template":"","format":"standard","meta":{"footnotes":""},"categories":[86],"tags":[314,109,319,116,32,33,117],"class_list":{"0":"post-72612","1":"post","2":"type-post","3":"status-publish","4":"format-standard","5":"has-post-thumbnail","7":"category-saude","8":"tag-alzheimer","9":"tag-ciencia","10":"tag-hard-news","11":"tag-health","12":"tag-portugal","13":"tag-pt","14":"tag-saude"},"share_on_mastodon":{"url":"","error":""},"_links":{"self":[{"href":"https:\/\/www.europesays.com\/pt\/wp-json\/wp\/v2\/posts\/72612","targetHints":{"allow":["GET"]}}],"collection":[{"href":"https:\/\/www.europesays.com\/pt\/wp-json\/wp\/v2\/posts"}],"about":[{"href":"https:\/\/www.europesays.com\/pt\/wp-json\/wp\/v2\/types\/post"}],"author":[{"embeddable":true,"href":"https:\/\/www.europesays.com\/pt\/wp-json\/wp\/v2\/users\/2"}],"replies":[{"embeddable":true,"href":"https:\/\/www.europesays.com\/pt\/wp-json\/wp\/v2\/comments?post=72612"}],"version-history":[{"count":0,"href":"https:\/\/www.europesays.com\/pt\/wp-json\/wp\/v2\/posts\/72612\/revisions"}],"wp:featuredmedia":[{"embeddable":true,"href":"https:\/\/www.europesays.com\/pt\/wp-json\/wp\/v2\/media\/72613"}],"wp:attachment":[{"href":"https:\/\/www.europesays.com\/pt\/wp-json\/wp\/v2\/media?parent=72612"}],"wp:term":[{"taxonomy":"category","embeddable":true,"href":"https:\/\/www.europesays.com\/pt\/wp-json\/wp\/v2\/categories?post=72612"},{"taxonomy":"post_tag","embeddable":true,"href":"https:\/\/www.europesays.com\/pt\/wp-json\/wp\/v2\/tags?post=72612"}],"curies":[{"name":"wp","href":"https:\/\/api.w.org\/{rel}","templated":true}]}}