{"id":72620,"date":"2025-09-15T16:56:15","date_gmt":"2025-09-15T16:56:15","guid":{"rendered":"https:\/\/www.europesays.com\/pt\/72620\/"},"modified":"2025-09-15T16:56:15","modified_gmt":"2025-09-15T16:56:15","slug":"os-cientistas-estao-a-ser-ameacados-governo-alemao-vai-protege-los-do-perigo","status":"publish","type":"post","link":"https:\/\/www.europesays.com\/pt\/72620\/","title":{"rendered":"Os cientistas est\u00e3o a ser amea\u00e7ados. Governo alem\u00e3o vai proteg\u00ea-los do &#8220;perigo&#8221;"},"content":{"rendered":"<p class=\"wp-caption-text top\"><a href=\"https:\/\/www.pexels.com\/photo\/protective-eyes-goggle-in-close-up-shot-8851455\/\" rel=\"nofollow external noopener noreferrer\" data-wpel-link=\"external\" target=\"_blank\" class=\"ext-link\">Mikhail Nilov \/ Pexels<\/a><\/p>\n<p><img decoding=\"async\" loading=\"lazy\" class=\"size-kopa-image-size-3 wp-image-700266\" src=\"https:\/\/www.europesays.com\/pt\/wp-content\/uploads\/2025\/09\/a2217cfc23119f17243cdc21cab0c53f-783x450.jpg\" alt=\"\" width=\"700\" height=\"402\"  \/><\/p>\n<p><strong>Uma al\u00ednea do or\u00e7amento foi alterada: eram 24 mil euros, ser\u00e1 1 milh\u00e3o. Porque a \u201cliberdade acad\u00e9mica est\u00e1 em perigo\u201d.<\/strong><\/p>\n<p>Michael E. Mann, Naomi Oreskes, Gilles-Eric S\u00e9ralini, Peter Hotez ou Richard Horton: todos s\u00e3o <strong>cientistas,<\/strong> todos foram perseguidos ou <strong>amea\u00e7ados<\/strong> por causa de estudos que publicaram, ou por causa de declara\u00e7\u00f5es p\u00fablicas.<\/p>\n<p>Seja por causa de altera\u00e7\u00f5es clim\u00e1ticas, por causa de vacinas, gen\u00e9tica, intelig\u00eancia artificial \u2013 s\u00e3o diversos os assuntos que originam as campanhas de f\u00faria, de ass\u00e9dio, de difama\u00e7\u00e3o.<\/p>\n<p>A liberdade acad\u00e9mica e a seguran\u00e7a dos investigadores est\u00e3o em risco, admite o Governo da <strong>Alemanha.<\/strong> Por isso, a seguran\u00e7a ser\u00e1 refor\u00e7ada.<\/p>\n<p>No Parlamento alem\u00e3o, o or\u00e7amento para a investiga\u00e7\u00e3o j\u00e1 estava finalizado. Ao todo, mais de 20 mil milh\u00f5es de euros para gerir, destinados principalmente \u00e0 alta tecnologia, a in\u00fameros programas de investiga\u00e7\u00e3o e empr\u00e9stimos estudantis.<\/p>\n<p>Mas os respons\u00e1veis pela pol\u00edtica or\u00e7amental do Bundestag decidiram, \u00e0 \u00faltima hora, <strong>alterar<\/strong> \u2013 de forma significativa \u2013 uma <strong>al\u00ednea.<\/strong><\/p>\n<p>A al\u00ednea em causa \u00e9 a \u201cComunica\u00e7\u00e3o Cient\u00edfica, Participa\u00e7\u00e3o, Inova\u00e7\u00f5es Sociais\u201d. Teria direito a 24 mil euros; vai ter 250 mil euros neste ano; vai ter <strong>1 milh\u00e3o<\/strong> em 2028.<\/p>\n<p>Esse dinheiro tem um destino: <strong>proteger os cientistas<\/strong> que est\u00e3o a ser perseguidos ou amea\u00e7ados na Alemanha, resume o <a href=\"https:\/\/www.handelsblatt.com\/politik\/deutschland\/forschung-bundesregierung-will-bedrohte-wissenschaftler-schuetzen\/100154113.html\" data-wpel-link=\"external\" target=\"_blank\" rel=\"nofollow external noopener noreferrer\" class=\"ext-link\">Handeslblatt<\/a>.<\/p>\n<p>\u201c<strong>A liberdade acad\u00e9mica est\u00e1 em perigo<\/strong> quando os investigadores j\u00e1 esperam amea\u00e7as maci\u00e7as porque alguns n\u00e3o gostam do seu trabalho\u201d, justificou Svenja Schulze, do SPD e membro da comiss\u00e3o da pol\u00edtica or\u00e7amental.<\/p>\n<p>A Alemanha \u00e9 um pa\u00eds com uma forte presen\u00e7a na investiga\u00e7\u00e3o. \u00c9 mesmo o pa\u00eds europeu mais popular para os investigadores internacionais \u2013 muito por causa da liberdade acad\u00e9mica (e da qualidade das suas universidades).<\/p>\n<p>\u201cPara que isto continue assim, precisamos de combater de forma firme o discurso de \u00f3dio e a difama\u00e7\u00e3o\u201d, acrescentou Svenja Schulze, que foi Ministra da Coopera\u00e7\u00e3o Econ\u00f3mica e do Desenvolvimento da Alemanha.<\/p>\n<p>    <a href=\"https:\/\/zap.aeiou.pt\/subscrever-newsletter\" data-wpel-link=\"internal\" rel=\"nofollow noopener\" target=\"_blank\">&#13;<br \/>\n        <img loading=\"lazy\" decoding=\"async\" class=\"aligncenter size-full wp-image-575475\" src=\"https:\/\/www.europesays.com\/pt\/wp-content\/uploads\/2025\/09\/2d51fe4a0ba54894421ead1809309ed9-1-450x140.jpg\" alt=\"Subscreva a Newsletter ZAP\" width=\"450\" height=\"140\"\/>&#13;<br \/>\n    <\/a><\/p>\n<p>                <a href=\"https:\/\/whatsapp.com\/channel\/0029VaIC4EE2f3EJZPPSbR34\" data-wpel-link=\"external\" target=\"_blank\" rel=\"nofollow external noopener noreferrer\" class=\"ext-link\">&#13;<br \/>\n                    <img loading=\"lazy\" decoding=\"async\" class=\"aligncenter size-full wp-image-575475\" src=\"https:\/\/www.europesays.com\/pt\/wp-content\/uploads\/2025\/09\/c68c559d956d4ca20f435ed74a6e71e6.png\" alt=\"Siga-nos no WhatsApp\" width=\"175\" height=\"64\"\/>&#13;<br \/>\n                <\/a><\/p>\n<p>                <a href=\"https:\/\/news.google.com\/publications\/CAAiEHRwZondIV71PDjWNoqMduEqFAgKIhB0cGaJ3SFe9Tw41jaKjHbh?hl=en-US&amp;gl=US&amp;ceid=US%3Aen\" data-wpel-link=\"external\" target=\"_blank\" rel=\"nofollow external noopener noreferrer\" class=\"ext-link\">&#13;<br \/>\n                    <img loading=\"lazy\" decoding=\"async\" class=\"aligncenter size-full wp-image-575475\" src=\"https:\/\/www.europesays.com\/pt\/wp-content\/uploads\/2025\/09\/5123dd8b087b644fdb8f8603acd1bad4.png\" alt=\"Siga-nos no Google News\" width=\"176\" height=\"64\"\/>&#13;<br \/>\n                <\/a><\/p>\n","protected":false},"excerpt":{"rendered":"Mikhail Nilov \/ Pexels Uma al\u00ednea do or\u00e7amento foi alterada: eram 24 mil euros, ser\u00e1 1 milh\u00e3o. Porque&hellip;\n","protected":false},"author":2,"featured_media":72621,"comment_status":"","ping_status":"","sticky":false,"template":"","format":"standard","meta":{"footnotes":""},"categories":[50],"tags":[1305,27,28,109,15,16,14,1173,25,26,21,22,62,12,13,19,20,4007,23,24,1717,17,18,29,30,31,63,64,65],"class_list":{"0":"post-72620","1":"post","2":"type-post","3":"status-publish","4":"format-standard","5":"has-post-thumbnail","7":"category-mundo","8":"tag-alemanha","9":"tag-breaking-news","10":"tag-breakingnews","11":"tag-ciencia","12":"tag-featured-news","13":"tag-featurednews","14":"tag-headlines","15":"tag-investigacao","16":"tag-latest-news","17":"tag-latestnews","18":"tag-main-news","19":"tag-mainnews","20":"tag-mundo","21":"tag-news","22":"tag-noticias","23":"tag-noticias-principais","24":"tag-noticiasprincipais","25":"tag-politica-internacional","26":"tag-principais-noticias","27":"tag-principaisnoticias","28":"tag-seguranca","29":"tag-top-stories","30":"tag-topstories","31":"tag-ultimas","32":"tag-ultimas-noticias","33":"tag-ultimasnoticias","34":"tag-world","35":"tag-world-news","36":"tag-worldnews"},"share_on_mastodon":{"url":"","error":""},"_links":{"self":[{"href":"https:\/\/www.europesays.com\/pt\/wp-json\/wp\/v2\/posts\/72620","targetHints":{"allow":["GET"]}}],"collection":[{"href":"https:\/\/www.europesays.com\/pt\/wp-json\/wp\/v2\/posts"}],"about":[{"href":"https:\/\/www.europesays.com\/pt\/wp-json\/wp\/v2\/types\/post"}],"author":[{"embeddable":true,"href":"https:\/\/www.europesays.com\/pt\/wp-json\/wp\/v2\/users\/2"}],"replies":[{"embeddable":true,"href":"https:\/\/www.europesays.com\/pt\/wp-json\/wp\/v2\/comments?post=72620"}],"version-history":[{"count":0,"href":"https:\/\/www.europesays.com\/pt\/wp-json\/wp\/v2\/posts\/72620\/revisions"}],"wp:featuredmedia":[{"embeddable":true,"href":"https:\/\/www.europesays.com\/pt\/wp-json\/wp\/v2\/media\/72621"}],"wp:attachment":[{"href":"https:\/\/www.europesays.com\/pt\/wp-json\/wp\/v2\/media?parent=72620"}],"wp:term":[{"taxonomy":"category","embeddable":true,"href":"https:\/\/www.europesays.com\/pt\/wp-json\/wp\/v2\/categories?post=72620"},{"taxonomy":"post_tag","embeddable":true,"href":"https:\/\/www.europesays.com\/pt\/wp-json\/wp\/v2\/tags?post=72620"}],"curies":[{"name":"wp","href":"https:\/\/api.w.org\/{rel}","templated":true}]}}