{"id":72624,"date":"2025-09-15T16:58:32","date_gmt":"2025-09-15T16:58:32","guid":{"rendered":"https:\/\/www.europesays.com\/pt\/72624\/"},"modified":"2025-09-15T16:58:32","modified_gmt":"2025-09-15T16:58:32","slug":"ventura-elogia-violencia-contra-imigrantes-em-espanha","status":"publish","type":"post","link":"https:\/\/www.europesays.com\/pt\/72624\/","title":{"rendered":"Ventura elogia viol\u00eancia contra imigrantes em Espanha"},"content":{"rendered":"<p>\n  De&amp;nbsp<b>Euronews<\/b>\n<\/p>\n<p>\n         Publicado a<br \/>\n            15\/09\/2025 &#8211; 10:53 GMT+2\n            <\/p>\n<p>          <img decoding=\"async\" class=\"c-ad__placeholder__logo\" src=\"https:\/\/static.euronews.com\/website\/images\/logos\/logo-euronews-stacked-outlined-72x72-grey-9.svg\" width=\"72\" height=\"72\" alt=\"\" loading=\"lazy\"\/><br \/>\n          PUBLICIDADE<\/p>\n<p>O l\u00edder do partido Chega disse <strong>estar orgulhoso<\/strong> dos acontecimentos em M\u00farcia, este ver\u00e3o, quando foram perseguidos imigrantes de forma violenta. Num encontro de partidos da direita radical, em Madrid, Andr\u00e9 Ventura chegou mesmo a <strong>agradecer aos respons\u00e1veis pela viol\u00eancia<\/strong>.<\/p>\n<p>\u201cVamos continuar juntos, lutando por aquilo em que acreditamos. Uma Europa com <strong>menos imigra\u00e7\u00e3o<\/strong>\u201d, disse Andr\u00e9 Ventura, em castelhano. <\/p>\n<p>\u201cPor isso quero dizer-vos, aqui em Espanha, sabendo que a imprensa est\u00e1 aqui e a imprensa portuguesa tamb\u00e9m, que o que fizeram em M\u00farcia <strong>d\u00e1-me um orgulho tremendo como europeu<\/strong>. Um orgulho tremendo como europeu\u201d, acrescentou.<\/p>\n<p>Terminou a dizer \u201c<strong>obrigado pelo que fizeram<\/strong>\u201d. Um remate seguido de aplausos de p\u00e9 pela plateia.<\/p>\n<p>Em julho, a agress\u00e3o a um idoso de Torre Pacheco, cujas imagens se tornaram virais, tornou-se um gatilho para uma<a href=\"https:\/\/pt.euronews.com\/2025\/07\/14\/espanha-o-que-esta-a-acontecer-em-torre-pacheco-tres-noites-de-odio-e-uma-cidade-sitiada-p\" rel=\"nofollow noopener\" target=\"_blank\"> <strong>onda de viol\u00eancia contra imigrantes<\/strong><\/a>.<\/p>\n<p>No bairro de San Antonio, onde moram muitos imigrantes, houve ataques com pedras e foguetes. Os atacantes gritavam \u201cFora os mouros\u201d. A viol\u00eancia foi <strong>instigada por v\u00eddeos na internet<\/strong>, muitos deles manipulados e falsos.<\/p>\n<p>Andr\u00e9 Ventura fez estas declara\u00e7\u00f5es na conven\u00e7\u00e3o Europa Viva 2025, em Madrid. Tratou-se de um <strong>encontro dos Patriotas pela Europa<\/strong>, que junta partidos da extrema-direita europeia e \u00e9 o terceiro maior grupo no Parlamento Europeu.<\/p>\n<p>O encontro foi <a href=\"https:\/\/pt.euronews.com\/my-europe\/2024\/11\/16\/lider-do-vox-em-espanha-vai-liderar-o-partido-da-extrema-direita-patriotas-pela-europa\" rel=\"nofollow noopener\" target=\"_blank\"><strong>organizado pelo Vox<\/strong><\/a>, o partido espanhol considerado um dos instigadores da viol\u00eancia em M\u00farcia.<\/p>\n<p>O exemplo de Charlie Kirk<\/p>\n<p>Nesta conven\u00e7\u00e3o, houve tamb\u00e9m <a href=\"https:\/\/pt.euronews.com\/2025\/09\/11\/quem-era-charlie-kirk-o-que-se-sabe-sobre-o-ativista-morto-no-utah\" rel=\"nofollow noopener\" target=\"_blank\"><strong>v\u00e1rias refer\u00eancias a Charlie Kirk<\/strong><\/a>, o conservador norte-americano, apoiante de Donald Trump, que foi morto a tiro a semana passada.<\/p>\n<p>\u201cAinda estamos emocionados pelo assass\u00ednio de Charlie Kirk. Um jovem patriota que se dedicava a promover debates nas universidades, com o melhor tom\u201d, disse o <strong>l\u00edder e fundador do Vox, Santiago Abascal<\/strong>, num momento de uni\u00e3o entre conservadores europeus e norte-americanos.<\/p>\n<p>\u201cLiberdade de debate na universidade? N\u00e3o o podem permitir, nem as autoridades universit\u00e1rias em alguns pa\u00edses, nem o globalismo progressista. Foi por isso que o mataram, porque espalharam o <strong>\u00f3dio contra todos n\u00f3s<\/strong>\u201d, acrescentou Abascal, pedindo uma ora\u00e7\u00e3o por Kirk.<\/p>\n<p>Tamb\u00e9m Andr\u00e9 Ventura referiu a morte de Kirk. <\/p>\n<p>\u201cCharlie Kirk foi morto porque dizia aquilo em que pensava. Morreu para nos defender e por n\u00f3s, pelos nossos valores e pela nossa identidade\u201d, disse Andr\u00e9 Ventura, acrescentando que o epis\u00f3dio demonstra o quanto \u201cse podem tornar violentos, se podem tornar assassinos&#8221;, todos os que defendem a esquerda.<\/p>\n<p>Ventura tamb\u00e9m coincidiu noutros temas com Abascal, incluindo nas <strong>cr\u00edticas \u00e0 flotilha humanit\u00e1ria,<\/strong> que se dirige para Gaza, e ao <strong>primeiro-ministro espanhol, Pedro S\u00e1nchez.<\/strong> Ventura disse mesmo que, se fosse primeiro-ministro de Espanha, mandava S\u00e1nchez para a pris\u00e3o.<\/p>\n<p>Esta interven\u00e7\u00e3o surge numa altura em que o Chega ganha cada vez mais terreno em Portugal. Uma sondagem, divulgada na semana passada, coloca o partido <a href=\"https:\/\/pt.euronews.com\/2025\/09\/13\/chega-em-primeiro-nas-intencoes-de-voto-numa-sondagem-sem-precedentes?utm_source=news.google.com&amp;utm_campaign=feeds_bcs_topstories&amp;utm_medium=referral\" rel=\"nofollow noopener\" target=\"_blank\"><strong>em primeiro lugar nas inten\u00e7\u00f5es de voto<\/strong><\/a>, \u00e0 frente da Alian\u00e7a Democr\u00e1tica (AD).<\/p>\n<p>Em maio, o Chega j\u00e1 tinha feito hist\u00f3ria, ao tornar-se o <a href=\"https:\/\/pt.euronews.com\/my-europe\/2025\/05\/29\/uma-vitoria-historica-e-estrondosa-chega-reage-a-conquista-eleitoral\" rel=\"nofollow noopener\" target=\"_blank\"><strong>segundo partido com mais lugares<\/strong><\/a> no parlamento portugu\u00eas, ultrapassando o hist\u00f3rico Partido Socialista (PS).<\/p>\n","protected":false},"excerpt":{"rendered":"De&amp;nbspEuronews Publicado a 15\/09\/2025 &#8211; 10:53 GMT+2 PUBLICIDADE O l\u00edder do partido Chega disse estar orgulhoso dos acontecimentos&hellip;\n","protected":false},"author":2,"featured_media":72625,"comment_status":"","ping_status":"","sticky":false,"template":"","format":"standard","meta":{"footnotes":""},"categories":[8],"tags":[27,28,1736,9041,15,16,14,25,26,21,22,1958,12,13,19,20,32,23,24,33,17,18,29,30,31],"class_list":{"0":"post-72624","1":"post","2":"type-post","3":"status-publish","4":"format-standard","5":"has-post-thumbnail","7":"category-principais-noticias","8":"tag-breaking-news","9":"tag-breakingnews","10":"tag-chega","11":"tag-extrema-direita","12":"tag-featured-news","13":"tag-featurednews","14":"tag-headlines","15":"tag-latest-news","16":"tag-latestnews","17":"tag-main-news","18":"tag-mainnews","19":"tag-migracao","20":"tag-news","21":"tag-noticias","22":"tag-noticias-principais","23":"tag-noticiasprincipais","24":"tag-portugal","25":"tag-principais-noticias","26":"tag-principaisnoticias","27":"tag-pt","28":"tag-top-stories","29":"tag-topstories","30":"tag-ultimas","31":"tag-ultimas-noticias","32":"tag-ultimasnoticias"},"share_on_mastodon":{"url":"","error":""},"_links":{"self":[{"href":"https:\/\/www.europesays.com\/pt\/wp-json\/wp\/v2\/posts\/72624","targetHints":{"allow":["GET"]}}],"collection":[{"href":"https:\/\/www.europesays.com\/pt\/wp-json\/wp\/v2\/posts"}],"about":[{"href":"https:\/\/www.europesays.com\/pt\/wp-json\/wp\/v2\/types\/post"}],"author":[{"embeddable":true,"href":"https:\/\/www.europesays.com\/pt\/wp-json\/wp\/v2\/users\/2"}],"replies":[{"embeddable":true,"href":"https:\/\/www.europesays.com\/pt\/wp-json\/wp\/v2\/comments?post=72624"}],"version-history":[{"count":0,"href":"https:\/\/www.europesays.com\/pt\/wp-json\/wp\/v2\/posts\/72624\/revisions"}],"wp:featuredmedia":[{"embeddable":true,"href":"https:\/\/www.europesays.com\/pt\/wp-json\/wp\/v2\/media\/72625"}],"wp:attachment":[{"href":"https:\/\/www.europesays.com\/pt\/wp-json\/wp\/v2\/media?parent=72624"}],"wp:term":[{"taxonomy":"category","embeddable":true,"href":"https:\/\/www.europesays.com\/pt\/wp-json\/wp\/v2\/categories?post=72624"},{"taxonomy":"post_tag","embeddable":true,"href":"https:\/\/www.europesays.com\/pt\/wp-json\/wp\/v2\/tags?post=72624"}],"curies":[{"name":"wp","href":"https:\/\/api.w.org\/{rel}","templated":true}]}}