{"id":72714,"date":"2025-09-15T18:06:18","date_gmt":"2025-09-15T18:06:18","guid":{"rendered":"https:\/\/www.europesays.com\/pt\/72714\/"},"modified":"2025-09-15T18:06:18","modified_gmt":"2025-09-15T18:06:18","slug":"novos-botins-do-lidl-ja-estao-na-lista-de-calcado-essencial-para-o-outono","status":"publish","type":"post","link":"https:\/\/www.europesays.com\/pt\/72714\/","title":{"rendered":"Novos botins do Lidl j\u00e1 est\u00e3o na lista de cal\u00e7ado essencial para o outono"},"content":{"rendered":"<p>Estamos a precisamente uma semana do in\u00edcio do outono e a desejar come\u00e7ar a usar as roupas da esta\u00e7\u00e3o. <a href=\"https:\/\/versa.iol.pt\/zara\/mango\/eis-17-pecas-no-estampado-tendencia-o-favorito-das-espanholas-neste-outono\/20250913\/68c1432ed34e58bc679586ab\" rel=\"nofollow noopener\" target=\"_blank\">Exemplos n\u00e3o nos t\u00eam faltado no que toca \u00e0 roupa<\/a>, mas chegam tamb\u00e9m propostas de cal\u00e7ado, uma delas do Lidl.<\/p>\n<p>A cadeia de supermercados alem\u00e3 lan\u00e7ou no <a href=\"https:\/\/www.lidl.pt\/l\/pt\/folhetos\/novidades-a-partir-de-15-09\/view\/flyer\/page\/10?lf=HHZ\" target=\"_blank\" rel=\"nofollow noopener\">novo folheto<\/a>\u00a0uns botins com cano at\u00e9 acima do tornozelo, o must-have de toda e qualquer esta\u00e7\u00e3o interm\u00e9dia, para usar com <a href=\"https:\/\/versa.iol.pt\/kelly-bailey\/jeans\/que-jeans-vamos-usar-os-de-kelly-bailey-ja-estao-entre-os-4-modelos-tendencia\/20250912\/68c43a92d34ee0c2fed00391\" rel=\"nofollow noopener\" target=\"_blank\">jeans<\/a>\u00a0ou <a href=\"https:\/\/versa.iol.pt\/boho\/zara\/do-luxo-ao-dupe-o-vestido-boho-da-zara-que-nos-faz-sonhar-com-ralph-lauren\/20250913\/68c45c31d34ee0c2fed005b0\" rel=\"nofollow noopener\" target=\"_blank\">com vestidos<\/a>. Estes novos botins, da marca Esmara, s\u00e3o um modelo de bota Chelsea,\u00a0com lateral el\u00e1stica que permite que se ajustem aos diferentes tamanhos de perna.\u00a0<\/p>\n<p>Estes novos botins s\u00e3o uma pe\u00e7a b\u00e1sica e essencial em qualquer guarda-roupa, estando aptos para todas as ocasi\u00f5es, sejam elas mais formais ou mais casuais, dependendo da forma como os looks s\u00e3o complementados. Al\u00e9m do mais, as cores dispon\u00edveis combinam com as mais diferentes pe\u00e7as de roupa, estando dispon\u00edveis em bege e em preto.\u00a0<\/p>\n<p>Certo \u00e9 que n\u00e3o \u00e9 preciso dispender muito dinheiro, uma vez que cada par dos botins do Lidl est\u00e1 \u00e0 venda por \u20ac16,99. Ficam dispon\u00edveis nas lojas Lidl a partir de sexta-feira, 19 de setembro, mesmo a tempo do in\u00edcio do outono.<\/p>\n","protected":false},"excerpt":{"rendered":"Estamos a precisamente uma semana do in\u00edcio do outono e a desejar come\u00e7ar a usar as roupas da&hellip;\n","protected":false},"author":2,"featured_media":72715,"comment_status":"","ping_status":"","sticky":false,"template":"","format":"standard","meta":{"footnotes":""},"categories":[85],"tags":[1081,10049,204,114,115,754,6513,186,1079,7562,32,33,1078,1080],"class_list":{"0":"post-72714","1":"post","2":"type-post","3":"status-publish","4":"format-standard","5":"has-post-thumbnail","7":"category-entretenimento","8":"tag-beleza","9":"tag-botas","10":"tag-design","11":"tag-entertainment","12":"tag-entretenimento","13":"tag-gastronomia","14":"tag-lidl","15":"tag-lifestyle","16":"tag-moda","17":"tag-outono","18":"tag-portugal","19":"tag-pt","20":"tag-versa","21":"tag-viagens"},"share_on_mastodon":{"url":"","error":""},"_links":{"self":[{"href":"https:\/\/www.europesays.com\/pt\/wp-json\/wp\/v2\/posts\/72714","targetHints":{"allow":["GET"]}}],"collection":[{"href":"https:\/\/www.europesays.com\/pt\/wp-json\/wp\/v2\/posts"}],"about":[{"href":"https:\/\/www.europesays.com\/pt\/wp-json\/wp\/v2\/types\/post"}],"author":[{"embeddable":true,"href":"https:\/\/www.europesays.com\/pt\/wp-json\/wp\/v2\/users\/2"}],"replies":[{"embeddable":true,"href":"https:\/\/www.europesays.com\/pt\/wp-json\/wp\/v2\/comments?post=72714"}],"version-history":[{"count":0,"href":"https:\/\/www.europesays.com\/pt\/wp-json\/wp\/v2\/posts\/72714\/revisions"}],"wp:featuredmedia":[{"embeddable":true,"href":"https:\/\/www.europesays.com\/pt\/wp-json\/wp\/v2\/media\/72715"}],"wp:attachment":[{"href":"https:\/\/www.europesays.com\/pt\/wp-json\/wp\/v2\/media?parent=72714"}],"wp:term":[{"taxonomy":"category","embeddable":true,"href":"https:\/\/www.europesays.com\/pt\/wp-json\/wp\/v2\/categories?post=72714"},{"taxonomy":"post_tag","embeddable":true,"href":"https:\/\/www.europesays.com\/pt\/wp-json\/wp\/v2\/tags?post=72714"}],"curies":[{"name":"wp","href":"https:\/\/api.w.org\/{rel}","templated":true}]}}