{"id":72788,"date":"2025-09-15T19:10:12","date_gmt":"2025-09-15T19:10:12","guid":{"rendered":"https:\/\/www.europesays.com\/pt\/72788\/"},"modified":"2025-09-15T19:10:12","modified_gmt":"2025-09-15T19:10:12","slug":"papa-aos-agostinianos-o-amor-e-o-centro-de-tudo-nao-apagar-o-espirito-missionario","status":"publish","type":"post","link":"https:\/\/www.europesays.com\/pt\/72788\/","title":{"rendered":"Papa aos agostinianos: o amor \u00e9 o centro de tudo; n\u00e3o apagar o esp\u00edrito mission\u00e1rio"},"content":{"rendered":"<p>No final da manh\u00e3 desta segunda-feira, 15 de setembro, o Papa deixou o Vaticano para se reunir no Pontif\u00edcio Instituto Patr\u00edstico Agostianiano com seus confrades que participam do 188\u00ba Cap\u00edtulo Geral da Ordem de Santo Agostinho.<\/p>\n<p><b>Vatican News<\/b><\/p>\n<p>Um encontro entre irm\u00e3os: assim foi a audi\u00eancia do Papa aos participantes do Cap\u00edtulo Geral da sua Ordem, os Agostinianos.<\/p>\n<p>\u201cPosso dizer que me sinto em casa e de participar interiormente tamb\u00e9m eu, em esp\u00edrito de partilha espiritual, daquilo est\u00e3o vivendo nesses dias.\u201d<\/p>\n<p>Le\u00e3o XIV agradeceu de modo especial ao prior-geral que concluiu seu mandato e saudou o novo: \u201cPara esta fun\u00e7\u00e3o assim t\u00e3o dif\u00edcil, necessita-se da ora\u00e7\u00e3o de todos n\u00f3s, n\u00e3o nos esque\u00e7amos\u201d.<\/p>\n<p>Realizar um Cap\u00edtulo \u00e9 colocar-se \u00e0 escuta do Esp\u00edrito, afirmou o Santo Padre, real\u00e7ando a import\u00e2ncia da interioridade para revigorar o \u00edmpeto espiritual e pastoral.<\/p>\n<p>Em sua ampla reflex\u00e3o, o Pont\u00edfice falou de modo particular sobre dois temas: as voca\u00e7\u00f5es e a forma\u00e7\u00e3o inicial. \u00a0Para isso, se inspirou no santo fundador da Ordem, Santo Agostinho, que dizia: \u201cAmem aquilo que ser\u00e3o\u201d.<\/p>\n<p>\u201cConsidero que seja uma indica\u00e7\u00e3o preciosa, sobretudo para n\u00e3o cair no erro de imaginar a forma\u00e7\u00e3o religiosa como um conjunto de regras a observar ou de coisas a fazer ou, ainda, como um h\u00e1bito j\u00e1 confeccionado para vestir de modo passivo. No centro de tudo, ao inv\u00e9s, est\u00e1 o amor.\u201d<\/p>\n<p>A voca\u00e7\u00e3o crist\u00e3, explicou o Santo Padre, em especial aquela religiosa, nasce somente quando se sente a atra\u00e7\u00e3o por algo maior, por um amor que possa nutrir e saciar o cora\u00e7\u00e3o. Por isso, para o Pont\u00edfice, a primeira preocupa\u00e7\u00e3o deve ser a de ajudar, especialmente os jovens, a compreenderem a beleza do chamado e a amar o que poder\u00e3o se tornar abra\u00e7ando a voca\u00e7\u00e3o. Voca\u00e7\u00e3o e forma\u00e7\u00e3o n\u00e3o s\u00e3o realidades pr\u00e9-estabelecidas, s\u00e3o uma aventura espiritual que envolve toda a hist\u00f3ria de uma pessoa e se trata, antes de tudo, de uma aventura de amor com Deus. O mesmo vale para a forma\u00e7\u00e3o intelectual. No conhecimento de Deus, \u00e9 poss\u00edvel chegar a Ele deixando-se maravilhar pela sua grandeza, e n\u00e3o apenas atrav\u00e9s da raz\u00e3o e de uma s\u00e9rie de informa\u00e7\u00f5es te\u00f3ricas.<\/p>\n<p>O Papa falou tamb\u00e9m a respeito da pobreza evang\u00e9lica, exortando para que se torne crit\u00e9rio para viver \u201ctudo aquilo que somos e temos\u201d, inclusive os meios e as estruturas, a servi\u00e7o da miss\u00e3o apost\u00f3lica. Por fim, Le\u00e3o abordou o tema da voca\u00e7\u00e3o mission\u00e1ria, recordando que a primeira miss\u00e3o agostiniana remonta ao ano de 1533. Desde ent\u00e3o, os agostinianos anunciaram o Evangelho em v\u00e1rias partes do mundo com paix\u00e3o e generosidade, cuidando das comunidades crist\u00e3s locais, dedicando-se \u00e0 educa\u00e7\u00e3o e ao ensino, sempre junto aos pobres, realizando obras sociais e caritativas. \u201cEste esp\u00edrito mission\u00e1rio n\u00e3o deve se apagar\u201d, afirmou o Papa, desejando aos capitulares uma boa continua\u00e7\u00e3o de Cap\u00edtulo.<\/p>\n<p>No dia 9 de setembro, os agostinianos elegeram o Padre Joseph Farrell como 98\u00ba prior-geral da Ordem.\u00a0Ele sucede o padre Alejandro Moral Ant\u00f3n, que se despede do cargo ap\u00f3s 12 anos como prior-geral.\u00a0Padre Farrell tem 62 anos e nasceu na Pensilv\u00e2nia, nos Estados Unidos, e nos pr\u00f3ximos seis anos guiar\u00e1 a Ordem.<\/p>\n","protected":false},"excerpt":{"rendered":"No final da manh\u00e3 desta segunda-feira, 15 de setembro, o Papa deixou o Vaticano para se reunir no&hellip;\n","protected":false},"author":2,"featured_media":72789,"comment_status":"","ping_status":"","sticky":false,"template":"","format":"standard","meta":{"footnotes":""},"categories":[50],"tags":[27,28,15,16,14,25,26,21,22,62,12,13,19,20,6668,811,23,24,17,18,29,30,31,63,64,65],"class_list":{"0":"post-72788","1":"post","2":"type-post","3":"status-publish","4":"format-standard","5":"has-post-thumbnail","7":"category-mundo","8":"tag-breaking-news","9":"tag-breakingnews","10":"tag-featured-news","11":"tag-featurednews","12":"tag-headlines","13":"tag-latest-news","14":"tag-latestnews","15":"tag-main-news","16":"tag-mainnews","17":"tag-mundo","18":"tag-news","19":"tag-noticias","20":"tag-noticias-principais","21":"tag-noticiasprincipais","22":"tag-ordens-religiosas","23":"tag-papa-leao-xiv","24":"tag-principais-noticias","25":"tag-principaisnoticias","26":"tag-top-stories","27":"tag-topstories","28":"tag-ultimas","29":"tag-ultimas-noticias","30":"tag-ultimasnoticias","31":"tag-world","32":"tag-world-news","33":"tag-worldnews"},"share_on_mastodon":{"url":"","error":""},"_links":{"self":[{"href":"https:\/\/www.europesays.com\/pt\/wp-json\/wp\/v2\/posts\/72788","targetHints":{"allow":["GET"]}}],"collection":[{"href":"https:\/\/www.europesays.com\/pt\/wp-json\/wp\/v2\/posts"}],"about":[{"href":"https:\/\/www.europesays.com\/pt\/wp-json\/wp\/v2\/types\/post"}],"author":[{"embeddable":true,"href":"https:\/\/www.europesays.com\/pt\/wp-json\/wp\/v2\/users\/2"}],"replies":[{"embeddable":true,"href":"https:\/\/www.europesays.com\/pt\/wp-json\/wp\/v2\/comments?post=72788"}],"version-history":[{"count":0,"href":"https:\/\/www.europesays.com\/pt\/wp-json\/wp\/v2\/posts\/72788\/revisions"}],"wp:featuredmedia":[{"embeddable":true,"href":"https:\/\/www.europesays.com\/pt\/wp-json\/wp\/v2\/media\/72789"}],"wp:attachment":[{"href":"https:\/\/www.europesays.com\/pt\/wp-json\/wp\/v2\/media?parent=72788"}],"wp:term":[{"taxonomy":"category","embeddable":true,"href":"https:\/\/www.europesays.com\/pt\/wp-json\/wp\/v2\/categories?post=72788"},{"taxonomy":"post_tag","embeddable":true,"href":"https:\/\/www.europesays.com\/pt\/wp-json\/wp\/v2\/tags?post=72788"}],"curies":[{"name":"wp","href":"https:\/\/api.w.org\/{rel}","templated":true}]}}