{"id":72834,"date":"2025-09-15T20:06:08","date_gmt":"2025-09-15T20:06:08","guid":{"rendered":"https:\/\/www.europesays.com\/pt\/72834\/"},"modified":"2025-09-15T20:06:08","modified_gmt":"2025-09-15T20:06:08","slug":"derrota-com-os-eua-nao-vai-beliscar-a-confianca-a-portugal","status":"publish","type":"post","link":"https:\/\/www.europesays.com\/pt\/72834\/","title":{"rendered":"\u00abDerrota com os EUA n\u00e3o vai beliscar a confian\u00e7a a Portugal\u00bb"},"content":{"rendered":"<p>Jo\u00e3o Jos\u00e9 reconheceu ap\u00f3s a derrota por 3-0 de Portugal com os EUA que o advers\u00e1rio foi superior e colocou grandes dificuldades, sobretudo atrav\u00e9s do servi\u00e7o.<\/p>\n<p>\u00abN\u00e3o conseguimos entrar no jogo no side out. Temos de dar m\u00e9rito aos EUA, que estiveram muito bem no servi\u00e7o. Viu-se perfeitamente que eles vinham para nos pressionar e conseguiram manter essa consist\u00eancia ao longo de todo o jogo. No segundo set conseguimos reagir e ficar na frente, mas eles vieram outra vez para cima de n\u00f3s no servi\u00e7o e n\u00e3o conseguimos aguentar-nos. Acabou como n\u00e3o gostar\u00edamos\u00bb, reconheceu o selecionador nacional, em declara\u00e7\u00f5es aos meios da Federa\u00e7\u00e3o Portuguesa de Voleibol.<\/p>\n<p>O desaire acontece depois de o conjunto luso ter entrado na competi\u00e7\u00e3o com uma vit\u00f3ria sobre Cuba, que o t\u00e9cnico reconhece que aumentou a press\u00e3o que os pr\u00f3prios atletas colocam neles.<\/p>\n<p>\u00abAcho que n\u00e3o vai beliscar a confian\u00e7a, mas os jogadores est\u00e3o em baixo. A expectativa subiu, at\u00e9 mesmo para eles, e \u00e9 complicado controlar essa expectativa. Mesmo conversando, lembrando que jog\u00e1mos bem no primeiro encontro, mas continuamos a ser os mesmos da semana passada e da outra\u00bb, referiu.<\/p>\n<p>O pr\u00f3ximo jogo de Portugal na competi\u00e7\u00e3o que decorre em Manila, nas Filipinas, est\u00e1 agendado para a madrugada de quarta-feira (3h00), frente \u00e0 Col\u00f4mbia, e vai decidir o futuro na competi\u00e7\u00e3o.<\/p>\n<p>\u00abAgora temos de reagir para o pr\u00f3ximo jogo. \u00c9 um tudo ou nada como era este. N\u00f3s vamos para disputar o jogo e criar a nossa oportunidade. O objetivo \u00e9 exatamente o mesmo de quando cheg\u00e1mos c\u00e1\u00bb, concluiu.<\/p>\n","protected":false},"excerpt":{"rendered":"Jo\u00e3o Jos\u00e9 reconheceu ap\u00f3s a derrota por 3-0 de Portugal com os EUA que o advers\u00e1rio foi superior&hellip;\n","protected":false},"author":2,"featured_media":72835,"comment_status":"","ping_status":"","sticky":false,"template":"","format":"standard","meta":{"footnotes":""},"categories":[87],"tags":[135,32,33,134],"class_list":{"0":"post-72834","1":"post","2":"type-post","3":"status-publish","4":"format-standard","5":"has-post-thumbnail","7":"category-desporto","8":"tag-desporto","9":"tag-portugal","10":"tag-pt","11":"tag-sports"},"share_on_mastodon":{"url":"","error":""},"_links":{"self":[{"href":"https:\/\/www.europesays.com\/pt\/wp-json\/wp\/v2\/posts\/72834","targetHints":{"allow":["GET"]}}],"collection":[{"href":"https:\/\/www.europesays.com\/pt\/wp-json\/wp\/v2\/posts"}],"about":[{"href":"https:\/\/www.europesays.com\/pt\/wp-json\/wp\/v2\/types\/post"}],"author":[{"embeddable":true,"href":"https:\/\/www.europesays.com\/pt\/wp-json\/wp\/v2\/users\/2"}],"replies":[{"embeddable":true,"href":"https:\/\/www.europesays.com\/pt\/wp-json\/wp\/v2\/comments?post=72834"}],"version-history":[{"count":0,"href":"https:\/\/www.europesays.com\/pt\/wp-json\/wp\/v2\/posts\/72834\/revisions"}],"wp:featuredmedia":[{"embeddable":true,"href":"https:\/\/www.europesays.com\/pt\/wp-json\/wp\/v2\/media\/72835"}],"wp:attachment":[{"href":"https:\/\/www.europesays.com\/pt\/wp-json\/wp\/v2\/media?parent=72834"}],"wp:term":[{"taxonomy":"category","embeddable":true,"href":"https:\/\/www.europesays.com\/pt\/wp-json\/wp\/v2\/categories?post=72834"},{"taxonomy":"post_tag","embeddable":true,"href":"https:\/\/www.europesays.com\/pt\/wp-json\/wp\/v2\/tags?post=72834"}],"curies":[{"name":"wp","href":"https:\/\/api.w.org\/{rel}","templated":true}]}}