{"id":72846,"date":"2025-09-15T20:14:18","date_gmt":"2025-09-15T20:14:18","guid":{"rendered":"https:\/\/www.europesays.com\/pt\/72846\/"},"modified":"2025-09-15T20:14:18","modified_gmt":"2025-09-15T20:14:18","slug":"luciano-huck-comenta-possivel-contratacao-de-ticiane-pinheiro-na-globo","status":"publish","type":"post","link":"https:\/\/www.europesays.com\/pt\/72846\/","title":{"rendered":"Luciano Huck comenta poss\u00edvel contrata\u00e7\u00e3o de Ticiane Pinheiro na Globo"},"content":{"rendered":"<p>Os boatos surgiram ap\u00f3s a promo\u00e7\u00e3o de C\u00e9sar Tralli &#8211; Foto: Reprodu\u00e7\u00e3o | Instagram<\/p>\n<p><a href=\"https:\/\/atarde.com.br\/?q=Luciano+Huck&amp;d=1\" target=\"_blank\" data-rel-defined=\"\" style=\"font-weight:bold\" rel=\"nofollow noopener\">Luciano Huck<\/a> se manifestou sobre os boatos em torno da ida de<a href=\"https:\/\/atarde.com.br\/?q=ticiane+pinheiro&amp;d=1#google_vignette\" target=\"_blank\" data-rel-defined=\"\" style=\"font-weight:bold\" rel=\"nofollow noopener\"> Ticiane Pinheiro<\/a> para a TV Globo. Apresentador do programa \u2018Doming\u00e3o Com Huck\u2019, o famoso revelou que internautas cogitaram que L\u00edvia Andrade seria substitu\u00edda pela esposa de C\u00e9sar Tralli.<\/p>\n<p>Entretanto, a informa\u00e7\u00e3o n\u00e3o procede e foi esclarecida por ele no programa deste domingo, 14. \u201cL\u00edvia Andrade estar\u00e1 neste programa enquanto ela quiser, ao longo da vida. Daqui ela n\u00e3o sai, daqui ningu\u00e9m tira ela. A menos que ela fale: \u2018N\u00e3o quero mais voc\u00eas\u2019\u201d, disse ele.<\/p>\n<p>Tudo sobre <strong class=\"atr-ctaWhatsApp-strong\">Televis\u00e3o<\/strong> em primeira m\u00e3o!<\/p>\n<p>A declara\u00e7\u00e3o foi feita logo ap\u00f3s uma piada dos humoristas Ed Gama e Rafael Portugal. \u201cA gente estava esperando entrar a Ticiane e entrou a L\u00edvia\u2026\u201d, disse um deles. \u201cTiciane, n\u00e3o vai dar mais para tu vir, n\u00e3o\u201d, completou o outro, ap\u00f3s a resposta de Huck.<\/p>\n<p>Leia Tamb\u00e9m:<\/p>\n<p>Pronunciamento de Ticiane<\/p>\n<p>Vale lembrar que Ticiane j\u00e1 havia se manifestado publicamente sobre o assunto. <a href=\"https:\/\/atarde.com.br\/televisao\/esposa-de-cesar-tralli-ticiane-abre-o-jogo-sobre-trabalho-na-globo-1350790\" target=\"_blank\" data-rel-defined=\"\" style=\"font-weight:bold\" rel=\"nofollow noopener\">A comunicadora concedeu uma entrevista durante o festival The Town, em S\u00e3o Paulo, nesta s\u00e1bado, 13, e contou que n\u00e3o foi convidada pela Globo.<\/a><\/p>\n<p>\u201cN\u00e3o teve convite. A gente l\u00ea [os boatos], a gente se diverte, a gente d\u00e1 risada, mas n\u00e3o teve nada, n\u00e3o. Eu trabalho h\u00e1 muitos anos tamb\u00e9m na Record e eu sou muito feliz. O que eu quero \u00e9 fazer meu trabalho bem feito, independente de qual lugar\u201d, disse ela.<\/p>\n","protected":false},"excerpt":{"rendered":"Os boatos surgiram ap\u00f3s a promo\u00e7\u00e3o de C\u00e9sar Tralli &#8211; Foto: Reprodu\u00e7\u00e3o | Instagram Luciano Huck se manifestou&hellip;\n","protected":false},"author":2,"featured_media":72847,"comment_status":"","ping_status":"","sticky":false,"template":"","format":"standard","meta":{"footnotes":""},"categories":[145],"tags":[211,210,19253,114,115,2815,32,33,4787,19254],"class_list":{"0":"post-72846","1":"post","2":"type-post","3":"status-publish","4":"format-standard","5":"has-post-thumbnail","7":"category-celebridades","8":"tag-celebridades","9":"tag-celebrities","10":"tag-contrataes-globo-2025","11":"tag-entertainment","12":"tag-entretenimento","13":"tag-luciano-huck","14":"tag-portugal","15":"tag-pt","16":"tag-ticiane-pinheiro","17":"tag-ticiane-pinheiro-na-globo"},"share_on_mastodon":{"url":"","error":""},"_links":{"self":[{"href":"https:\/\/www.europesays.com\/pt\/wp-json\/wp\/v2\/posts\/72846","targetHints":{"allow":["GET"]}}],"collection":[{"href":"https:\/\/www.europesays.com\/pt\/wp-json\/wp\/v2\/posts"}],"about":[{"href":"https:\/\/www.europesays.com\/pt\/wp-json\/wp\/v2\/types\/post"}],"author":[{"embeddable":true,"href":"https:\/\/www.europesays.com\/pt\/wp-json\/wp\/v2\/users\/2"}],"replies":[{"embeddable":true,"href":"https:\/\/www.europesays.com\/pt\/wp-json\/wp\/v2\/comments?post=72846"}],"version-history":[{"count":0,"href":"https:\/\/www.europesays.com\/pt\/wp-json\/wp\/v2\/posts\/72846\/revisions"}],"wp:featuredmedia":[{"embeddable":true,"href":"https:\/\/www.europesays.com\/pt\/wp-json\/wp\/v2\/media\/72847"}],"wp:attachment":[{"href":"https:\/\/www.europesays.com\/pt\/wp-json\/wp\/v2\/media?parent=72846"}],"wp:term":[{"taxonomy":"category","embeddable":true,"href":"https:\/\/www.europesays.com\/pt\/wp-json\/wp\/v2\/categories?post=72846"},{"taxonomy":"post_tag","embeddable":true,"href":"https:\/\/www.europesays.com\/pt\/wp-json\/wp\/v2\/tags?post=72846"}],"curies":[{"name":"wp","href":"https:\/\/api.w.org\/{rel}","templated":true}]}}