{"id":72848,"date":"2025-09-15T20:16:12","date_gmt":"2025-09-15T20:16:12","guid":{"rendered":"https:\/\/www.europesays.com\/pt\/72848\/"},"modified":"2025-09-15T20:16:12","modified_gmt":"2025-09-15T20:16:12","slug":"os-livros-nao-se-rendem-e-tres-seculos-da-economia-portuguesa","status":"publish","type":"post","link":"https:\/\/www.europesays.com\/pt\/72848\/","title":{"rendered":"Os Livros N\u00e3o se Rendem e Tr\u00eas S\u00e9culos da Economia Portuguesa"},"content":{"rendered":"<p>\t\t\t\t\t\t                        Exposi\u00e7\u00f5es<\/p>\n<p>\n                        &#8220;Os livros n\u00e3o se rendem \/ Tr\u00eas s\u00e9culos de economia portuguesa&#8221; \u00e9 o t\u00edtulo da exposi\u00e7\u00e3o e \u00e9 o t\u00edtulo de duas cole\u00e7\u00f5es a que a Funda\u00e7\u00e3o Manuel Ant\u00f3nio da Mota e a Mota Gest\u00e3o e Participa\u00e7\u00f5es quiseram oferecer o seu mecenato exclusivo.                        <\/p>\n<p class=\"event_list_info\">\n<p>\t\t\t\t\t\t\t\t\t\t                                        16 Set  a 3 Out 2025\n                                                                            <\/p>\n<p>Funda\u00e7\u00e3o Manuel Ant\u00f3nio da Mota<\/p>\n<p>Pra\u00e7a do Bom Sucesso, n\u00ba 74-90, 4150-146 Porto <\/p>\n<p>                        \tEsta \u00e9 a exposi\u00e7\u00e3o de um acto de solidariedade e de assun\u00e7\u00e3o de responsabilidade social que, no seu final, ter\u00e1 a dura\u00e7\u00e3o de quatro anos.<\/p>\n<p>Esta exposi\u00e7\u00e3o \u00e9 uma celebra\u00e7\u00e3o merecida, e \u00e9 a forma que a Funda\u00e7\u00e3o Manuel Ant\u00f3nio da Mota e a Mota Gest\u00e3o e Participa\u00e7\u00f5es t\u00eam de agradecer aos autores, \u00e0 Guerra e Paz editores e \u00e0 rede livreira, aos jornalistas e cr\u00edticos, \u00e0s bibliotecas e bibliotec\u00e1rios, mas sobretudo aos leitores portugueses e sobretudo aos que encontram nas bibliotecas o ombro de apoio e a orienta\u00e7\u00e3o para voarem mais alto e mais al\u00e9m. Para que os livros nunca se rendam e porque s\u00f3 assim, lendo e conhecendo, Portugal ser\u00e1 mais pr\u00f3spero e feliz.                        \t   <\/p>\n","protected":false},"excerpt":{"rendered":"Exposi\u00e7\u00f5es &#8220;Os livros n\u00e3o se rendem \/ Tr\u00eas s\u00e9culos de economia portuguesa&#8221; \u00e9 o t\u00edtulo da exposi\u00e7\u00e3o e&hellip;\n","protected":false},"author":2,"featured_media":72849,"comment_status":"","ping_status":"","sticky":false,"template":"","format":"standard","meta":{"footnotes":""},"categories":[143],"tags":[9226,207,169,10650,470,315,3144,114,115,10648,170,150,10649,419,32,33,2387],"class_list":{"0":"post-72848","1":"post","2":"type-post","3":"status-publish","4":"format-standard","5":"has-post-thumbnail","7":"category-livros","8":"tag-agenda-cultural","9":"tag-arte","10":"tag-books","11":"tag-centro-nacional-de-cultura","12":"tag-cinema","13":"tag-cultura","14":"tag-danca","15":"tag-entertainment","16":"tag-entretenimento","17":"tag-exposicoes","18":"tag-livros","19":"tag-musica","20":"tag-obras-de-referencia","21":"tag-patrimonio","22":"tag-portugal","23":"tag-pt","24":"tag-teatro"},"share_on_mastodon":{"url":"","error":""},"_links":{"self":[{"href":"https:\/\/www.europesays.com\/pt\/wp-json\/wp\/v2\/posts\/72848","targetHints":{"allow":["GET"]}}],"collection":[{"href":"https:\/\/www.europesays.com\/pt\/wp-json\/wp\/v2\/posts"}],"about":[{"href":"https:\/\/www.europesays.com\/pt\/wp-json\/wp\/v2\/types\/post"}],"author":[{"embeddable":true,"href":"https:\/\/www.europesays.com\/pt\/wp-json\/wp\/v2\/users\/2"}],"replies":[{"embeddable":true,"href":"https:\/\/www.europesays.com\/pt\/wp-json\/wp\/v2\/comments?post=72848"}],"version-history":[{"count":0,"href":"https:\/\/www.europesays.com\/pt\/wp-json\/wp\/v2\/posts\/72848\/revisions"}],"wp:featuredmedia":[{"embeddable":true,"href":"https:\/\/www.europesays.com\/pt\/wp-json\/wp\/v2\/media\/72849"}],"wp:attachment":[{"href":"https:\/\/www.europesays.com\/pt\/wp-json\/wp\/v2\/media?parent=72848"}],"wp:term":[{"taxonomy":"category","embeddable":true,"href":"https:\/\/www.europesays.com\/pt\/wp-json\/wp\/v2\/categories?post=72848"},{"taxonomy":"post_tag","embeddable":true,"href":"https:\/\/www.europesays.com\/pt\/wp-json\/wp\/v2\/tags?post=72848"}],"curies":[{"name":"wp","href":"https:\/\/api.w.org\/{rel}","templated":true}]}}