{"id":72850,"date":"2025-09-15T20:17:10","date_gmt":"2025-09-15T20:17:10","guid":{"rendered":"https:\/\/www.europesays.com\/pt\/72850\/"},"modified":"2025-09-15T20:17:10","modified_gmt":"2025-09-15T20:17:10","slug":"comedia-romantica-mais-vista-na-netflix-em-2024-ja-tem-data-de-regresso-nit","status":"publish","type":"post","link":"https:\/\/www.europesays.com\/pt\/72850\/","title":{"rendered":"Com\u00e9dia rom\u00e2ntica mais vista na Netflix em 2024 j\u00e1 tem data de regresso \u2014 NiT"},"content":{"rendered":"<p>Com 15,2 milh\u00f5es de visualiza\u00e7\u00f5es em apenas 35 dias, \u201cNingu\u00e9m Quer Isto\u201d tornou-se uma das s\u00e9ries da Netflix mais vistas no \u00faltimo ano. Lan\u00e7ada em setembro, rapidamente se tornou viral nas redes sociais pelas suas cenas de humor.<\/p>\n<p>Este domingo, 14 de setembro, a Netflix revelou a data de estreia da segunda temporada e anunciou que Kristen Bell e Adam Brody regressam \u00e0s personagens j\u00e1 a 23 de outubro. Na primeira temporada, os dez epis\u00f3dios acompanharam a improv\u00e1vel hist\u00f3ria de amor entre um rabino (Adam Brody) e uma mulher sem cren\u00e7as religiosas (Kristen Bell), que, apesar das diferen\u00e7as, acabam por se apaixonar.<\/p>\n<p>A <a href=\"https:\/\/www.imdb.com\/title\/tt26933824\/?ref_=nv_sr_srsg_1_tt_7_nm_0_in_0_q_nobody%2520want\" target=\"_blank\" rel=\"nofollow noopener\">s\u00e9rie<\/a> aborda temas cl\u00e1ssicos das rela\u00e7\u00f5es modernas \u2014 da dificuldade em integrar grupos de amigos distintos \u00e0 gest\u00e3o de ex-namorados \u2014, ao mesmo tempo que oferece um olhar sobre o quotidiano dos rabinos, figuras com um papel essencial no ensino e viv\u00eancia do juda\u00edsmo.<\/p>\n<p>Apesar do peso religioso da personagem Noah, a criadora Erin Foster explicou \u00e0 \u201cIndieWire\u201d que o objetivo era manter o tom leve. \u201cAs pessoas n\u00e3o querem assistir a uma s\u00e9rie religiosa, mas como Noah ocupa essa fun\u00e7\u00e3o, era um tema que precis\u00e1vamos de abordar\u201d, disse. O gui\u00e3o foi pensado para incluir apenas curiosidades e apontamentos informativos sobre a religi\u00e3o, sem se tornar did\u00e1tico.<\/p>\n<blockquote class=\"instagram-media\" style=\"background: #FFF; border: 0; border-radius: 3px; box-shadow: 0 0 1px 0 rgba(0,0,0,0.5),0 1px 10px 0 rgba(0,0,0,0.15); margin: 1px; max-width: 540px; min-width: 326px; padding: 0; width: calc(100% - 2px);\" data-instgrm-captioned=\"\" data-instgrm-permalink=\"https:\/\/www.instagram.com\/p\/DOlQxrSkwYi\/?utm_source=ig_embed&amp;utm_campaign=loading\" data-instgrm-version=\"14\">\n<\/blockquote>\n<p>A segunda temporada vai contar com novos protagonistas. Jenni Konner e Bruce Eric Kaplan assumem os pap\u00e9is principais, substituindo o casal original. Os contratos foram assinados antes mesmo da estreia da s\u00e9rie, para garantir uma transi\u00e7\u00e3o j\u00e1 planeada.<\/p>\n<p>\u201cTrazer \u2018Ningu\u00e9m Quer Isto\u2019 \u00e0 vida \u00e9, sem d\u00favida, um dos pontos altos da minha carreira. O elenco, a equipa, os produtores e todos os envolvidos tornaram este projeto numa realidade maravilhosa. Assistir \u00e0 rea\u00e7\u00e3o dos espetadores depois da estreia foi algo al\u00e9m dos meus sonhos\u201d, disse Erin Foster \u00e0 \u201cDeadline\u201d a 10 de outubro de 2024.<\/p>\n<p>Carregue na galeria para conhecer algumas das s\u00e9ries e temporadas que estreiam em setembro nas plataformas de streaming e canais de televis\u00e3o.<\/p>\n<p>\t\t\t\t<script async src=\"\/\/www.instagram.com\/embed.js\"><\/script><\/p>\n","protected":false},"excerpt":{"rendered":"Com 15,2 milh\u00f5es de visualiza\u00e7\u00f5es em apenas 35 dias, \u201cNingu\u00e9m Quer Isto\u201d tornou-se uma das s\u00e9ries da Netflix&hellip;\n","protected":false},"author":2,"featured_media":72851,"comment_status":"","ping_status":"","sticky":false,"template":"","format":"standard","meta":{"footnotes":""},"categories":[142],"tags":[114,115,32,33,151],"class_list":{"0":"post-72850","1":"post","2":"type-post","3":"status-publish","4":"format-standard","5":"has-post-thumbnail","7":"category-tv","8":"tag-entertainment","9":"tag-entretenimento","10":"tag-portugal","11":"tag-pt","12":"tag-tv"},"share_on_mastodon":{"url":"","error":""},"_links":{"self":[{"href":"https:\/\/www.europesays.com\/pt\/wp-json\/wp\/v2\/posts\/72850","targetHints":{"allow":["GET"]}}],"collection":[{"href":"https:\/\/www.europesays.com\/pt\/wp-json\/wp\/v2\/posts"}],"about":[{"href":"https:\/\/www.europesays.com\/pt\/wp-json\/wp\/v2\/types\/post"}],"author":[{"embeddable":true,"href":"https:\/\/www.europesays.com\/pt\/wp-json\/wp\/v2\/users\/2"}],"replies":[{"embeddable":true,"href":"https:\/\/www.europesays.com\/pt\/wp-json\/wp\/v2\/comments?post=72850"}],"version-history":[{"count":0,"href":"https:\/\/www.europesays.com\/pt\/wp-json\/wp\/v2\/posts\/72850\/revisions"}],"wp:featuredmedia":[{"embeddable":true,"href":"https:\/\/www.europesays.com\/pt\/wp-json\/wp\/v2\/media\/72851"}],"wp:attachment":[{"href":"https:\/\/www.europesays.com\/pt\/wp-json\/wp\/v2\/media?parent=72850"}],"wp:term":[{"taxonomy":"category","embeddable":true,"href":"https:\/\/www.europesays.com\/pt\/wp-json\/wp\/v2\/categories?post=72850"},{"taxonomy":"post_tag","embeddable":true,"href":"https:\/\/www.europesays.com\/pt\/wp-json\/wp\/v2\/tags?post=72850"}],"curies":[{"name":"wp","href":"https:\/\/api.w.org\/{rel}","templated":true}]}}