{"id":72854,"date":"2025-09-15T20:20:11","date_gmt":"2025-09-15T20:20:11","guid":{"rendered":"https:\/\/www.europesays.com\/pt\/72854\/"},"modified":"2025-09-15T20:20:11","modified_gmt":"2025-09-15T20:20:11","slug":"rui-borges-conta-as-horas-para-a-champions-com-um-amuleto-inusitado-sporting","status":"publish","type":"post","link":"https:\/\/www.europesays.com\/pt\/72854\/","title":{"rendered":"Rui Borges conta as horas para a Champions com um amuleto&#8230; inusitado &#8211; Sporting"},"content":{"rendered":"<p>                    17:13<\/p>\n<p>T\u00e9cnico procura a primeira vit\u00f3ria na Liga dos Campe\u00f5es. E confia em talism\u00e3 que o acompanha h\u00e1 quase uma d\u00e9cada<\/p>\n<p class=\"\">&#13;<br \/>\n        Em Famalic\u00e3o (2-1), o Sporting infligiu a primeira derrota aos famalicenses no seu reduto em 2025 e Rui Borges somou o primeiro triunfo da carreira naquele terreno. Agora, com a estreia na Liga dos Campe\u00f5es no horizonte, o t\u00e9cnico aponta a riscar outro objetivo da lista: a primeira vit\u00f3ria na maior competi\u00e7\u00e3o europeia de clubes.&#13;\n    <\/p>\n<p>                        Para ler TODOS OS ARTIGOS RECORD PREMIUM durante o dia 15.09.2025 insira o seu n\u00famero de telem\u00f3vel e clique em OK<\/p>\n<p>Consulte a aplica\u00e7\u00e3o MBway no seu telem\u00f3vel e aceite a transa\u00e7\u00e3o&#13;\n                    <\/p>\n<p>                        Os seus dados n\u00e3o ser\u00e3o guardados pelo Record<\/p>\n<p>                    Por Ricardo Granada<\/p>\n","protected":false},"excerpt":{"rendered":"17:13 T\u00e9cnico procura a primeira vit\u00f3ria na Liga dos Campe\u00f5es. E confia em talism\u00e3 que o acompanha h\u00e1&hellip;\n","protected":false},"author":2,"featured_media":72855,"comment_status":"","ping_status":"","sticky":false,"template":"","format":"standard","meta":{"footnotes":""},"categories":[87],"tags":[135,32,33,134],"class_list":{"0":"post-72854","1":"post","2":"type-post","3":"status-publish","4":"format-standard","5":"has-post-thumbnail","7":"category-desporto","8":"tag-desporto","9":"tag-portugal","10":"tag-pt","11":"tag-sports"},"share_on_mastodon":{"url":"","error":""},"_links":{"self":[{"href":"https:\/\/www.europesays.com\/pt\/wp-json\/wp\/v2\/posts\/72854","targetHints":{"allow":["GET"]}}],"collection":[{"href":"https:\/\/www.europesays.com\/pt\/wp-json\/wp\/v2\/posts"}],"about":[{"href":"https:\/\/www.europesays.com\/pt\/wp-json\/wp\/v2\/types\/post"}],"author":[{"embeddable":true,"href":"https:\/\/www.europesays.com\/pt\/wp-json\/wp\/v2\/users\/2"}],"replies":[{"embeddable":true,"href":"https:\/\/www.europesays.com\/pt\/wp-json\/wp\/v2\/comments?post=72854"}],"version-history":[{"count":0,"href":"https:\/\/www.europesays.com\/pt\/wp-json\/wp\/v2\/posts\/72854\/revisions"}],"wp:featuredmedia":[{"embeddable":true,"href":"https:\/\/www.europesays.com\/pt\/wp-json\/wp\/v2\/media\/72855"}],"wp:attachment":[{"href":"https:\/\/www.europesays.com\/pt\/wp-json\/wp\/v2\/media?parent=72854"}],"wp:term":[{"taxonomy":"category","embeddable":true,"href":"https:\/\/www.europesays.com\/pt\/wp-json\/wp\/v2\/categories?post=72854"},{"taxonomy":"post_tag","embeddable":true,"href":"https:\/\/www.europesays.com\/pt\/wp-json\/wp\/v2\/tags?post=72854"}],"curies":[{"name":"wp","href":"https:\/\/api.w.org\/{rel}","templated":true}]}}