{"id":72864,"date":"2025-09-15T20:30:14","date_gmt":"2025-09-15T20:30:14","guid":{"rendered":"https:\/\/www.europesays.com\/pt\/72864\/"},"modified":"2025-09-15T20:30:14","modified_gmt":"2025-09-15T20:30:14","slug":"o-impacto-da-inteligencia-artificial-na-humanidade-historia-que-faz-refletir","status":"publish","type":"post","link":"https:\/\/www.europesays.com\/pt\/72864\/","title":{"rendered":"O impacto da intelig\u00eancia artificial na humanidade: hist\u00f3ria que faz refletir"},"content":{"rendered":"<p>\n\t\t\t\t\t\t\tpostado em 15\/09\/2025 17:20\t\t\t\t\t\t\t\t\t\t\t\t\t\t\t\t\t\t\t\t\t\t\t\t\t\/ atualizado em 15\/09\/2025 17:25\n\t\t\t\t\t\t<\/p>\n<p>\t\t\t\t\t\t\t\t\t\t<img loading=\"lazy\" decoding=\"async\" src=\"https:\/\/www.europesays.com\/pt\/wp-content\/uploads\/2025\/09\/1_professor-luiz-claudio---credito-julio-cesar-da-silva-cerqueira-59140033.jpg\" alt=\"Autor Luiz Cl\u00e1udio Costa -  (cr\u00e9dito:  Julio Cesar da Silva Cerqueira\/Divulga\u00e7\u00e3o)\" title=\"Autor Luiz Cl\u00e1udio Costa -  (cr\u00e9dito:  Julio Cesar da Silva Cerqueira\/Divulga\u00e7\u00e3o)\" width=\"685\" height=\"470\"\/><\/p>\n<p>\t\t\t\t\t\t\t\t\t\tAutor Luiz Cl\u00e1udio Costa &#8211;  (cr\u00e9dito:  Julio Cesar da Silva Cerqueira\/Divulga\u00e7\u00e3o)\n\t\t\t\t\t\t\t\t\t<\/p>\n<p>\t\t\t\t\t\t\t\t\t\t\t\t\t\t\t\t\t\t\t&#13;<\/p>\n<p dir=\"ltr\">Nesta ter\u00e7a-feira, \u00e0s 19h, na Livraria da Travessa Bras\u00edlia, ocorre o lan\u00e7amento do livro \u201cO impacto da intelig\u00eancia artificial na humanidade\u201d, com 114 p\u00e1ginas, ele traz uma narrativa que leva o leitor a analisar como o recurso age na sociedade e a import\u00e2ncia de aprender a lidar com ele, de modo a transform\u00e1-lo em uma ferramenta de coopera\u00e7\u00e3o. Escrito pelo reitor do Instituto de Educa\u00e7\u00e3o Superior de Bras\u00edlia (IESB), Luiz Cl\u00e1udio Costa. A obra \u00e9 um livro de entrada para a trilogia do autor.\u00a0<\/p>\n<p>&#13;<\/p>\n<p dir=\"ltr\">Na obra, Costa fala a respeito da \u00e9tica e da regula\u00e7\u00e3o do uso da intelig\u00eancia artificial, o reitor lembra que a IA deve servir \u00e0 humanidade, e n\u00e3o controlar. Para isso, \u00e9 preciso princ\u00edpios s\u00f3lidos: justi\u00e7a, transpar\u00eancia, privacidade e responsabilidade social. A partir disso, ele apresenta o personagem Jo\u00e3o, menino de 15 anos, que dialoga com a ferramenta e fil\u00f3sofos antigos. Ao ter contato com a IA, introduz uma s\u00e9rie de questionamentos \u00e9ticos. Portanto, ele inicia uma jornada de descobrimento a respeito das possibilidades de uso da ferramenta, mas tamb\u00e9m os limites que devem existir para uma boa utiliza\u00e7\u00e3o.<\/p>\n<p>&#13;<br \/>\n&#13;<\/p>\n<p dir=\"ltr\">Luiz Cl\u00e1udio afirma que Jo\u00e3o traduz a sociedade. Segundo o autor: \u201cEle representa um pouco de cada um que n\u00e3o entende de intelig\u00eancia artificial e come\u00e7a a ter contato\u201d. Costa cita o filme lan\u00e7ado em 2013, escrito e dirigido por \u00a0Spike Jonze, Her (Uma Hist\u00f3ria de Amor) como a inspira\u00e7\u00e3o para criar o nome da IA presente em seu enredo, apelidada de Ella. Ao longo da narrativa, Jo\u00e3o junta-se a Ella e visita momentos hist\u00f3ricos para a sociedade. A partir do contato com figuras hist\u00f3ricas como S\u00f3crates, Einstein, Gandhi e George Orwell, o menino mergulha em diversas \u00e1reas do conhecimento e reflete o impacto que a tecnologia causa na humanidade e como esses momentos influenciam no modo como ela \u00e9 utilizada nos dias atuais. <\/p>\n<p>&#13;<\/p>\n<p class=\"texto\">\t&#13;<br \/>\n  \t<img decoding=\"async\" src=\"https:\/\/www.europesays.com\/pt\/wp-content\/uploads\/2025\/09\/capa-do-livro---o-impacto-da-inteligencia-artificial-na-humanidade-59139983.jpg\" alt=\"Capa do livro O Impacto da Intelig\u00eancia Artificial na Humanidade\" title=\"Capa do livro O Impacto da Intelig\u00eancia Artificial na Humanidade\" class=\"lazy\" width=\"\" height=\"\"\/>&#13;<br \/>\n  \t &#13;<br \/>\n\t\tCapa do livro O Impacto da Intelig\u00eancia Artificial na Humanidade&#13;<br \/>\n\t\t(foto: Divulga\u00e7\u00e3o\/Editora Appris)&#13;<br \/>\n\t&#13;\n<\/p>\n<p>&#13;<\/p>\n<p dir=\"ltr\">Luiz Cl\u00e1udio possui ampla experi\u00eancia na \u00e1rea da educa\u00e7\u00e3o. Atuou por mais de 30 anos como professor, pesquisador e gestor na Universidade Federal de Vi\u00e7osa. Al\u00e9m disso, no Minist\u00e9rio da Educa\u00e7\u00e3o (MEC) foi secret\u00e1rio de educa\u00e7\u00e3o superior, presidente do Inep, secret\u00e1rio executivo e ministro interino. Costa foi respons\u00e1vel por fundar o primeiro curso de gradua\u00e7\u00e3o em Intelig\u00eancia Artificial de Bras\u00edlia. Para ele, sua experi\u00eancia no mundo educacional e seu conhecimento acerca da IA, auxiliaram na constru\u00e7\u00e3o da narrativa.<\/p>\n<p>&#13;<\/p>\n<p dir=\"ltr\">A obra passa a ser escrita durante a pandemia e Costa afirma a cria\u00e7\u00e3o do Chat Gpt e os dilemas \u00e9ticos relacionados a isso como um impulsionador para iniciar a escrita. Segundo ele, seu objetivo principal ao falar da intelig\u00eancia artificial \u00e9 democratizar o acesso \u00e0 ferramenta para que todos os estudantes possam contar com esse aux\u00edlio para se desenvolver.\u00a0<\/p>\n<p>&#13;<br \/>\n&#13;<\/p>\n<p dir=\"ltr\">Para Costa, a inclus\u00e3o \u00e9 fundamental no que diz respeito ao acesso \u00e0 tecnologia e \u00e0s ferramentas tecnol\u00f3gicas. Segundo ele: \u201cA tecnologia s\u00f3 faz sentido se for acompanhada por a\u00e7\u00f5es sociais, para que n\u00e3o cause exclus\u00e3o\u201d. Dessa forma, ele escreve o segundo cap\u00edtulo da obra, que traz como tema, o papel da IA na educa\u00e7\u00e3o do futuro, ou seja, como forma de transformar o modelo atual de ensino em algo que inclua todos, sem depender de classe social.\u00a0<\/p>\n<p>&#13;<\/p>\n<p dir=\"ltr\">Segundo Luiz Cl\u00e1udio, no Brasil, a IA\u00a0 pode e deve ser utilizada para crescimento setorizado das diversas \u00e1reas de atua\u00e7\u00e3o brasileira, como a \u00e9tica, uso de dados, educa\u00e7\u00e3o e sa\u00fade. Por\u00e9m, ele enfatiza a necessidade de treinar e requalificar os profissionais brasileiros para que n\u00e3o haja perda no que diz respeito ao trabalho. Ele afirma ainda, que \u201cn\u00e3o devemos deixar que esses meios nos substituam, baseado na produtividade\u201d, por isso \u00e9 necess\u00e1rio que a sociedade conhe\u00e7a a ferramenta.<\/p>\n<p>&#13;<br \/>\n&#13;<\/p>\n<p class=\"texto\">\u00a0<\/p>\n<ul class=\"glide__slides\">\n<li class=\"glide__slide\">\n\t\t\t\t\t\t\t\t\t\t\t\t\t<img decoding=\"async\" alt=\"Autor Luiz Cl\u00e1udio Costa\" src=\"https:\/\/www.europesays.com\/pt\/wp-content\/uploads\/2025\/09\/1_foto-do-autor-luiz-claudio-costa---credito--larissa-fernandes-tomaz-59139938.jpg\"\/><\/p>\n<p>\n\t\t\t\t\t\t\t\t\t\t\t\t\t\t\tAutor Luiz Cl\u00e1udio Costa<br \/>\n\t\t\t\t\t\t\t\t\t\t\t\t\t\t\tFoto: Larissa Fernandes Tomaz\/Divulga\u00e7\u00e3o\n\t\t\t\t\t\t\t\t\t\t\t\t\t\t<\/p>\n<\/li>\n<li class=\"glide__slide\">\n\t\t\t\t\t\t\t\t\t\t\t\t\t<img decoding=\"async\" alt=\"Capa do livro O Impacto da Intelig\u00eancia Artificial na Humanidade\" src=\"https:\/\/www.europesays.com\/pt\/wp-content\/uploads\/2025\/09\/1_capa-do-livro---o-impacto-da-inteligencia-artificial-na-humanidade-59139983.jpg\"\/><\/p>\n<p>\n\t\t\t\t\t\t\t\t\t\t\t\t\t\t\tCapa do livro O Impacto da Intelig\u00eancia Artificial na Humanidade<br \/>\n\t\t\t\t\t\t\t\t\t\t\t\t\t\t\tFoto: Divulga\u00e7\u00e3o\/Editora Appris\n\t\t\t\t\t\t\t\t\t\t\t\t\t\t<\/p>\n<\/li>\n<\/ul>\n","protected":false},"excerpt":{"rendered":"postado em 15\/09\/2025 17:20 \/ atualizado em 15\/09\/2025 17:25 Autor Luiz Cl\u00e1udio Costa &#8211; (cr\u00e9dito: Julio Cesar da&hellip;\n","protected":false},"author":2,"featured_media":72865,"comment_status":"","ping_status":"","sticky":false,"template":"","format":"standard","meta":{"footnotes":""},"categories":[143],"tags":[169,539,114,115,170,32,33,110],"class_list":{"0":"post-72864","1":"post","2":"type-post","3":"status-publish","4":"format-standard","5":"has-post-thumbnail","7":"category-livros","8":"tag-books","9":"tag-educacao","10":"tag-entertainment","11":"tag-entretenimento","12":"tag-livros","13":"tag-portugal","14":"tag-pt","15":"tag-tecnologia"},"share_on_mastodon":{"url":"","error":""},"_links":{"self":[{"href":"https:\/\/www.europesays.com\/pt\/wp-json\/wp\/v2\/posts\/72864","targetHints":{"allow":["GET"]}}],"collection":[{"href":"https:\/\/www.europesays.com\/pt\/wp-json\/wp\/v2\/posts"}],"about":[{"href":"https:\/\/www.europesays.com\/pt\/wp-json\/wp\/v2\/types\/post"}],"author":[{"embeddable":true,"href":"https:\/\/www.europesays.com\/pt\/wp-json\/wp\/v2\/users\/2"}],"replies":[{"embeddable":true,"href":"https:\/\/www.europesays.com\/pt\/wp-json\/wp\/v2\/comments?post=72864"}],"version-history":[{"count":0,"href":"https:\/\/www.europesays.com\/pt\/wp-json\/wp\/v2\/posts\/72864\/revisions"}],"wp:featuredmedia":[{"embeddable":true,"href":"https:\/\/www.europesays.com\/pt\/wp-json\/wp\/v2\/media\/72865"}],"wp:attachment":[{"href":"https:\/\/www.europesays.com\/pt\/wp-json\/wp\/v2\/media?parent=72864"}],"wp:term":[{"taxonomy":"category","embeddable":true,"href":"https:\/\/www.europesays.com\/pt\/wp-json\/wp\/v2\/categories?post=72864"},{"taxonomy":"post_tag","embeddable":true,"href":"https:\/\/www.europesays.com\/pt\/wp-json\/wp\/v2\/tags?post=72864"}],"curies":[{"name":"wp","href":"https:\/\/api.w.org\/{rel}","templated":true}]}}