{"id":72882,"date":"2025-09-15T20:44:11","date_gmt":"2025-09-15T20:44:11","guid":{"rendered":"https:\/\/www.europesays.com\/pt\/72882\/"},"modified":"2025-09-15T20:44:11","modified_gmt":"2025-09-15T20:44:11","slug":"escola-de-mesquita-promove-roda-de-leitura-com-escritora-prefeitura-de-mesquita","status":"publish","type":"post","link":"https:\/\/www.europesays.com\/pt\/72882\/","title":{"rendered":"Escola de Mesquita promove roda de leitura com escritora > Prefeitura de Mesquita"},"content":{"rendered":"<p><strong>C\u00edntia Barreto teve um encontro com estudantes da Educa\u00e7\u00e3o Infantil de Mesquita, marcado por conta\u00e7\u00e3o de hist\u00f3rias e pela celebra\u00e7\u00e3o da literatura<\/strong><\/p>\n<p>Na manh\u00e3 do dia 12, sexta-feira, os estudantes da Escola Municipal de Educa\u00e7\u00e3o Infantil\u00a0 Margarida da Silva Duarte receberam uma convidada muito especial: a escritora C\u00edntia Barreto, autora de mais de 10 livros infantis que exploram o universo das descobertas que acompanham as fases de alfabetiza\u00e7\u00e3o e pr\u00e9-alfabetiza\u00e7\u00e3o. Ao longo do encontro, as crian\u00e7as assistiram a sess\u00f5es de leitura dos livros de C\u00edntia e puderam conhecer melhor a pessoa que os escreveu.<\/p>\n<p>Neste ano, a escola da Chatuba adotou algumas das obras da escritora para serem trabalhadas em atividades com os estudantes. A partir da\u00ed, nasceram cria\u00e7\u00f5es art\u00edsticas, produzidas pelos alunos, baseadas nas hist\u00f3rias e personagens imaginados por C\u00edntia. Assim como a vontade de aproximar os estudantes da mente criativa por tr\u00e1s dos livros.<\/p>\n<p><img fetchpriority=\"high\" decoding=\"async\" width=\"1024\" height=\"768\" data-id=\"211082\" src=\"https:\/\/www.europesays.com\/pt\/wp-content\/uploads\/2025\/09\/Projetos-3-1024x768.jpeg\" alt=\"\" class=\"wp-image-211082\"\/>Alguns trabalhos baseados nas obras de C\u00edntia.<\/p>\n<p><img loading=\"lazy\" decoding=\"async\" width=\"1024\" height=\"768\" data-id=\"211083\" src=\"https:\/\/www.europesays.com\/pt\/wp-content\/uploads\/2025\/09\/Projetos-2-1024x768.jpeg\" alt=\"\" class=\"wp-image-211083\"\/><\/p>\n<p><img loading=\"lazy\" decoding=\"async\" width=\"1024\" height=\"768\" data-id=\"211084\" src=\"https:\/\/www.europesays.com\/pt\/wp-content\/uploads\/2025\/09\/Projetos-1024x768.jpeg\" alt=\"\" class=\"wp-image-211084\"\/><\/p>\n<p>O desejo motivou a articula\u00e7\u00e3o entre a escola e a escritora, que encantou uma plateia entretida pela narra\u00e7\u00e3o das hist\u00f3rias dos livros \u201c<strong>Lia Lia<\/strong>\u201d e \u201c<strong>Flor<\/strong>\u201d. A narrativa de \u201c<strong>Flor<\/strong>\u201d proporcionou a imers\u00e3o das estudantes nos cen\u00e1rios l\u00fadicos e coloridos desenhados por Andr\u00e9 Flauzino e apresentou Flor, uma menina que ama flores e estar em contato com a natureza. Enquanto isso, \u201c<strong>Lia Lia<\/strong>\u201d, conta a hist\u00f3ria de Lia, menina cuja paix\u00e3o \u00e9 ler e brincar com as palavras. O livro \u00e9 ilustrado por Camilo Martins e vai de encontro ao tema gerador definido pela Educa\u00e7\u00e3o de Mesquita para 2025: <strong>\u201cAlfabetiza\u00e7\u00e3o e Letramento\u201d<\/strong>. Entre uma hist\u00f3ria e outra, foram criadas oportunidades para que C\u00edntia e as crian\u00e7as pudessem conversar e se conhecer.<\/p>\n<p><img loading=\"lazy\" decoding=\"async\" width=\"1024\" height=\"768\" src=\"https:\/\/www.europesays.com\/pt\/wp-content\/uploads\/2025\/09\/Estudantes-2-1024x768.jpeg\" alt=\"escola-de-mesquita-promove-roda-de-leitura-com-escritora\" class=\"wp-image-211080\"\/><\/p>\n<p>Isabela Fidelis, diretora da escola, explica o papel das obras escritas por C\u00edntia na forma\u00e7\u00e3o dos seus alunos. \u201c<strong>Os livros da C\u00edntia abordam a perspectiva da crian\u00e7a frente \u00e0s descobertas da inf\u00e2ncia. Isso aproxima muito as crian\u00e7as da literatura e colabora com o desenvolvimento do gosto pela leitura desde cedo<\/strong>\u201d, opina.<\/p>\n<p>A autora complementa a fala da diretora e exp\u00f5e o car\u00e1ter pedag\u00f3gico dos seus livros. \u201c<strong>O meu trabalho \u00e9 voltado para o letramento, abordando de maneira l\u00fadica a habilidade de ler o mundo e compreender o significado das palavras. Estar com essas crian\u00e7as e saber que, de forma direta ou indireta, fiz parte do crescimento delas me traz uma satisfa\u00e7\u00e3o indescrit\u00edvel <\/strong>\u201d, pontua.<\/p>\n<p><img loading=\"lazy\" decoding=\"async\" width=\"1024\" height=\"768\" src=\"https:\/\/www.europesays.com\/pt\/wp-content\/uploads\/2025\/09\/Estudantes-e-escritora-1024x768.jpeg\" alt=\"escola-de-mesquita-promove-roda-de-leitura-com-escritora\" class=\"wp-image-211081\"\/><\/p>\n<p><strong>N\u00e3o segue as redes sociais da Prefeitura de Mesquita?<\/strong><\/p>\n<p><strong>Ent\u00e3o, clique\u00a0<a href=\"https:\/\/www.youtube.com\/c\/PrefeituradeMesquitaRJ\/videos\" rel=\"nofollow noopener\" target=\"_blank\">aqui para seguir o canal do YouTube<\/a><a href=\"https:\/\/www.instagram.com\/prefeiturademesquitarj\/\" rel=\"nofollow noopener\" target=\"_blank\">\u00a0<\/a>\u00a0e\u00a0<a href=\"http:\/\/bit.ly\/TwitterPmm\" rel=\"nofollow noopener\" target=\"_blank\">aqui para acompanhar tudo que rola no Twitter<\/a><\/strong><\/p>\n<p><strong>Quer ler mais sobre o que acontece no munic\u00edpio de Mesquita?<\/strong><\/p>\n<p><a href=\"https:\/\/prefeitura.mesquita.rj.gov.br\/noticias\/\" rel=\"nofollow noopener\" target=\"_blank\"><strong>Ent\u00e3o, acesse nosso Portal de Not\u00edcias!<\/strong><\/a><\/p>\n<p>\t\t\t\t<script async src=\"\/\/www.instagram.com\/embed.js\"><\/script><\/p>\n","protected":false},"excerpt":{"rendered":"C\u00edntia Barreto teve um encontro com estudantes da Educa\u00e7\u00e3o Infantil de Mesquita, marcado por conta\u00e7\u00e3o de hist\u00f3rias e&hellip;\n","protected":false},"author":2,"featured_media":72883,"comment_status":"","ping_status":"","sticky":false,"template":"","format":"standard","meta":{"footnotes":""},"categories":[143],"tags":[169,114,115,170,32,33],"class_list":{"0":"post-72882","1":"post","2":"type-post","3":"status-publish","4":"format-standard","5":"has-post-thumbnail","7":"category-livros","8":"tag-books","9":"tag-entertainment","10":"tag-entretenimento","11":"tag-livros","12":"tag-portugal","13":"tag-pt"},"share_on_mastodon":{"url":"","error":""},"_links":{"self":[{"href":"https:\/\/www.europesays.com\/pt\/wp-json\/wp\/v2\/posts\/72882","targetHints":{"allow":["GET"]}}],"collection":[{"href":"https:\/\/www.europesays.com\/pt\/wp-json\/wp\/v2\/posts"}],"about":[{"href":"https:\/\/www.europesays.com\/pt\/wp-json\/wp\/v2\/types\/post"}],"author":[{"embeddable":true,"href":"https:\/\/www.europesays.com\/pt\/wp-json\/wp\/v2\/users\/2"}],"replies":[{"embeddable":true,"href":"https:\/\/www.europesays.com\/pt\/wp-json\/wp\/v2\/comments?post=72882"}],"version-history":[{"count":0,"href":"https:\/\/www.europesays.com\/pt\/wp-json\/wp\/v2\/posts\/72882\/revisions"}],"wp:featuredmedia":[{"embeddable":true,"href":"https:\/\/www.europesays.com\/pt\/wp-json\/wp\/v2\/media\/72883"}],"wp:attachment":[{"href":"https:\/\/www.europesays.com\/pt\/wp-json\/wp\/v2\/media?parent=72882"}],"wp:term":[{"taxonomy":"category","embeddable":true,"href":"https:\/\/www.europesays.com\/pt\/wp-json\/wp\/v2\/categories?post=72882"},{"taxonomy":"post_tag","embeddable":true,"href":"https:\/\/www.europesays.com\/pt\/wp-json\/wp\/v2\/tags?post=72882"}],"curies":[{"name":"wp","href":"https:\/\/api.w.org\/{rel}","templated":true}]}}