{"id":72888,"date":"2025-09-15T20:49:10","date_gmt":"2025-09-15T20:49:10","guid":{"rendered":"https:\/\/www.europesays.com\/pt\/72888\/"},"modified":"2025-09-15T20:49:10","modified_gmt":"2025-09-15T20:49:10","slug":"surto-de-casos-de-covid-no-rio-grande-do-sul-exige-atencao","status":"publish","type":"post","link":"https:\/\/www.europesays.com\/pt\/72888\/","title":{"rendered":"Surto de casos de Covid no Rio Grande do Sul exige aten\u00e7\u00e3o"},"content":{"rendered":"<p>O an\u00fancio feito pela Secretaria da Sa\u00fade do Rio Grande do Sul sobre a possibilidade de aumento de casos e interna\u00e7\u00f5es por Covid-19 at\u00e9 o fim do ano \u00e9 um lembrete de que o v\u00edrus segue em circula\u00e7\u00e3o. Mesmo com o fim da emerg\u00eancia sanit\u00e1ria global, a vacina\u00e7\u00e3o dos grupos priorit\u00e1rios deve ser mantida.<\/p>\n<p>Entre os dias 16 de agosto e 1\u00ba de setembro, 65 pacientes \u2014 a maioria era composta por idosos internados por outras raz\u00f5es \u2014 e cinco funcion\u00e1rios do Hospital Nossa Senhora da Concei\u00e7\u00e3o, em Porto Alegre, foram infectados pelo v\u00edrus. Dois pacientes que n\u00e3o eram vacinados ou n\u00e3o tinham o esquema vacinal completo faleceram.<\/p>\n<p>Embora os n\u00fameros n\u00e3o se comparem aos anos da pandemia, eles servem de alerta para o risco de novo aumento de casos da doen\u00e7a. O Rio Grande do Sul j\u00e1 confirmou a circula\u00e7\u00e3o da variante XFG. At\u00e9 o momento, ela n\u00e3o est\u00e1 associada a quadros mais graves, mas sua presen\u00e7a refor\u00e7a a necessidade de vigil\u00e2ncia cont\u00ednua.<\/p>\n<p>Nos \u00faltimos meses, Porto Alegre e outras cidades ga\u00fachas registraram alta expressiva nas interna\u00e7\u00f5es hospitalares por s\u00edndromes respirat\u00f3rias agudas. Hospitais chegaram a operar com leitos lotados e filas de espera, pressionados pelo avan\u00e7o simult\u00e2neo de influenza, v\u00edrus sincicial respirat\u00f3rio (VSR) e da pr\u00f3pria Covid-19. O epis\u00f3dio mostrou que o sistema de sa\u00fade continua prec\u00e1rio diante das diversas doen\u00e7as respirat\u00f3rias em circula\u00e7\u00e3o.<\/p>\n<p>Diante do alerta da Secretaria Estadual da Sa\u00fade e do surto registrado em hospital de Porto Alegre, vacinar-se continua sendo fundamental. O Minist\u00e9rio da Sa\u00fade recomenda que sejam imunizadas pessoas a partir de 12 anos de grupos priorit\u00e1rios, al\u00e9m de beb\u00eas e crian\u00e7as entre seis meses e menos de cinco anos. Tamb\u00e9m \u00e9 importante para evitar novas ondas da doen\u00e7a a realiza\u00e7\u00e3o de testagem, especialmente para aquelas pessoas que podem se beneficiar do antiviral dispon\u00edvel no SUS.<\/p>\n<p>Al\u00e9m disso, medidas simples para evitar a contamina\u00e7\u00e3o pelo coronav\u00edrus n\u00e3o perderam a validade, dentre elas lavar as m\u00e3os com frequ\u00eancia e evitar tocar o rosto. Ao perceber sintomas compat\u00edveis com a Covid-19, \u00e9 imprescind\u00edvel fazer o teste para, nos casos de confirma\u00e7\u00e3o da doen\u00e7a, adotar o uso de m\u00e1scara de prote\u00e7\u00e3o e evitar assim que mais pessoas sejam contaminadas.<\/p>\n<p>A pandemia acabou, mas a responsabilidade individual e coletiva em proteger os mais vulner\u00e1veis e manter a vigil\u00e2ncia sobre a Covid-19 continua sendo essencial para evitar retrocessos e novas ondas de cont\u00e1gio.<\/p>\n","protected":false},"excerpt":{"rendered":"O an\u00fancio feito pela Secretaria da Sa\u00fade do Rio Grande do Sul sobre a possibilidade de aumento de&hellip;\n","protected":false},"author":2,"featured_media":72889,"comment_status":"","ping_status":"","sticky":false,"template":"","format":"standard","meta":{"footnotes":""},"categories":[86],"tags":[2641,116,19265,5734,32,33,2946,117,4209,19264,19263],"class_list":{"0":"post-72888","1":"post","2":"type-post","3":"status-publish","4":"format-standard","5":"has-post-thumbnail","7":"category-saude","8":"tag-covid-19","9":"tag-health","10":"tag-medidas-preventivas","11":"tag-pandemia","12":"tag-portugal","13":"tag-pt","14":"tag-sau00fade","15":"tag-saude","16":"tag-sintomas","17":"tag-vacinau00e7u00e3o","18":"tag-variante-xfg"},"share_on_mastodon":{"url":"","error":""},"_links":{"self":[{"href":"https:\/\/www.europesays.com\/pt\/wp-json\/wp\/v2\/posts\/72888","targetHints":{"allow":["GET"]}}],"collection":[{"href":"https:\/\/www.europesays.com\/pt\/wp-json\/wp\/v2\/posts"}],"about":[{"href":"https:\/\/www.europesays.com\/pt\/wp-json\/wp\/v2\/types\/post"}],"author":[{"embeddable":true,"href":"https:\/\/www.europesays.com\/pt\/wp-json\/wp\/v2\/users\/2"}],"replies":[{"embeddable":true,"href":"https:\/\/www.europesays.com\/pt\/wp-json\/wp\/v2\/comments?post=72888"}],"version-history":[{"count":0,"href":"https:\/\/www.europesays.com\/pt\/wp-json\/wp\/v2\/posts\/72888\/revisions"}],"wp:featuredmedia":[{"embeddable":true,"href":"https:\/\/www.europesays.com\/pt\/wp-json\/wp\/v2\/media\/72889"}],"wp:attachment":[{"href":"https:\/\/www.europesays.com\/pt\/wp-json\/wp\/v2\/media?parent=72888"}],"wp:term":[{"taxonomy":"category","embeddable":true,"href":"https:\/\/www.europesays.com\/pt\/wp-json\/wp\/v2\/categories?post=72888"},{"taxonomy":"post_tag","embeddable":true,"href":"https:\/\/www.europesays.com\/pt\/wp-json\/wp\/v2\/tags?post=72888"}],"curies":[{"name":"wp","href":"https:\/\/api.w.org\/{rel}","templated":true}]}}