{"id":72892,"date":"2025-09-15T20:53:06","date_gmt":"2025-09-15T20:53:06","guid":{"rendered":"https:\/\/www.europesays.com\/pt\/72892\/"},"modified":"2025-09-15T20:53:06","modified_gmt":"2025-09-15T20:53:06","slug":"polonia-intercepta-drone-e-detem-dois-bielorrussos-defesa","status":"publish","type":"post","link":"https:\/\/www.europesays.com\/pt\/72892\/","title":{"rendered":"Pol\u00f3nia intercepta drone e det\u00e9m dois bielorrussos | Defesa"},"content":{"rendered":"<p>O primeiro-ministro da Pol\u00f3nia anunciou ao final da tarde desta segunda-feira, 15 de Setembro, que foi neutralizado um drone enquanto este sobrevoava instala\u00e7\u00f5es do Governo.<\/p>\n<p>Donald Tusk adiantou que dois cidad\u00e3os bielorrussos foram detidos e que as autoridades est\u00e3o a &#8220;investigar as circunst\u00e2ncias do incidente&#8221;.<\/p>\n<p>Na \u00faltima semana, mais de uma dezena de drones invadiram o <a href=\"https:\/\/www.publico.pt\/2025\/09\/10\/mundo\/noticia\/forcas-armadas-polacas-anunciam-abate-drones-espaco-aereo-2146617\" target=\"_blank\" rel=\"nofollow noopener\">espa\u00e7o a\u00e9reo polaco<\/a> e deixaram a NATO em alerta, com muitos dos seus Estados-membros a condenar uma &#8220;viola\u00e7\u00e3o sem precedentes&#8221; do territ\u00f3rio da Alian\u00e7a Atl\u00e2ntica.<\/p>\n<p>Vars\u00f3via contabilizou um total de 19 intrus\u00f5es do seu espa\u00e7o a\u00e9reo, vindas, principalmente, da vizinha Bielorr\u00fassia.<\/p>\n","protected":false},"excerpt":{"rendered":"O primeiro-ministro da Pol\u00f3nia anunciou ao final da tarde desta segunda-feira, 15 de Setembro, que foi neutralizado um&hellip;\n","protected":false},"author":2,"featured_media":72893,"comment_status":"","ping_status":"","sticky":false,"template":"","format":"standard","meta":{"footnotes":""},"categories":[50],"tags":[2870,27,28,2537,637,353,445,15,16,14,25,26,21,22,62,12,13,19,20,5300,23,24,17,18,29,30,31,63,64,65],"class_list":{"0":"post-72892","1":"post","2":"type-post","3":"status-publish","4":"format-standard","5":"has-post-thumbnail","7":"category-mundo","8":"tag-bielorrussia","9":"tag-breaking-news","10":"tag-breakingnews","11":"tag-defesa","12":"tag-diplomacia","13":"tag-em-destaque","14":"tag-europa","15":"tag-featured-news","16":"tag-featurednews","17":"tag-headlines","18":"tag-latest-news","19":"tag-latestnews","20":"tag-main-news","21":"tag-mainnews","22":"tag-mundo","23":"tag-news","24":"tag-noticias","25":"tag-noticias-principais","26":"tag-noticiasprincipais","27":"tag-polonia","28":"tag-principais-noticias","29":"tag-principaisnoticias","30":"tag-top-stories","31":"tag-topstories","32":"tag-ultimas","33":"tag-ultimas-noticias","34":"tag-ultimasnoticias","35":"tag-world","36":"tag-world-news","37":"tag-worldnews"},"share_on_mastodon":{"url":"","error":""},"_links":{"self":[{"href":"https:\/\/www.europesays.com\/pt\/wp-json\/wp\/v2\/posts\/72892","targetHints":{"allow":["GET"]}}],"collection":[{"href":"https:\/\/www.europesays.com\/pt\/wp-json\/wp\/v2\/posts"}],"about":[{"href":"https:\/\/www.europesays.com\/pt\/wp-json\/wp\/v2\/types\/post"}],"author":[{"embeddable":true,"href":"https:\/\/www.europesays.com\/pt\/wp-json\/wp\/v2\/users\/2"}],"replies":[{"embeddable":true,"href":"https:\/\/www.europesays.com\/pt\/wp-json\/wp\/v2\/comments?post=72892"}],"version-history":[{"count":0,"href":"https:\/\/www.europesays.com\/pt\/wp-json\/wp\/v2\/posts\/72892\/revisions"}],"wp:featuredmedia":[{"embeddable":true,"href":"https:\/\/www.europesays.com\/pt\/wp-json\/wp\/v2\/media\/72893"}],"wp:attachment":[{"href":"https:\/\/www.europesays.com\/pt\/wp-json\/wp\/v2\/media?parent=72892"}],"wp:term":[{"taxonomy":"category","embeddable":true,"href":"https:\/\/www.europesays.com\/pt\/wp-json\/wp\/v2\/categories?post=72892"},{"taxonomy":"post_tag","embeddable":true,"href":"https:\/\/www.europesays.com\/pt\/wp-json\/wp\/v2\/tags?post=72892"}],"curies":[{"name":"wp","href":"https:\/\/api.w.org\/{rel}","templated":true}]}}