{"id":72894,"date":"2025-09-15T20:54:28","date_gmt":"2025-09-15T20:54:28","guid":{"rendered":"https:\/\/www.europesays.com\/pt\/72894\/"},"modified":"2025-09-15T20:54:28","modified_gmt":"2025-09-15T20:54:28","slug":"orca-deu-dois-ou-tres-toques-em-veleiro-ataque-durou-cinco-minutos","status":"publish","type":"post","link":"https:\/\/www.europesays.com\/pt\/72894\/","title":{"rendered":"Orca deu &#8220;dois ou tr\u00eas toques&#8221; em veleiro. Ataque durou &#8220;cinco minutos&#8221;"},"content":{"rendered":"<p>Um veleiro afundou ap\u00f3s ter sido abalroado por um ataque de orca, no s\u00e1bado, ao largo da Costa da Caparica. Em declara\u00e7\u00f5es ao Not\u00edcias ao Minuto, o \u2018skipper\u2019 de uma embarca\u00e7\u00e3o que se encontrava nas proximidades e que prestou o primeiro aux\u00edlio contou como ocorreu o incidente.\u00a0<\/p>\n<p>&#8220;Estava a fazer observa\u00e7\u00e3o de golfinhos com clientes quando vi o veleiro com movimentos err\u00e1ticos. Depois percebi que estava a ser atacado por uma orca&#8221;, contou Jo\u00e3o Filipe.<\/p>\n<p>Tratou-se de &#8220;apenas uma&#8221; orca, que deu &#8220;dois ou tr\u00eas toques&#8221; na embarca\u00e7\u00e3o do clube de vela Nautic Squad, e o ataque durou &#8220;cerca de cinco minutos&#8221;. Ainda assim, &#8220;foi suficiente para partir o casco da embarca\u00e7\u00e3o na zona de leme&#8221;, deixando o veleiro &#8220;sem controlo direcional&#8221; e com &#8220;uma entrada de \u00e1gua&#8221;.<\/p>\n<p>A &#8220;primeira coisa&#8221; que Jo\u00e3o Filipe fez foi avisar a &#8220;a tripula\u00e7\u00e3o, que aparentava ser pouco experiente, para usar todos os meios para tirar \u00e1gua e colocar o m\u00e1ximo de peso do lado esquerdo do barco&#8221; para que &#8220;o rombo ficasse o mais poss\u00edvel fora de \u00e1gua&#8221;.\u00a0<\/p>\n<p>Apesar dos esfor\u00e7os, &#8220;estava a entrar mais \u00e1gua do que a capacidade de a tirar&#8221; e o &#8216;skipper&#8217;, decidiu\u00a0&#8220;tentar rebocar o barco&#8221;, mas ainda estavam a uma hora de dist\u00e2ncia da marina mais pr\u00f3xima.\u00a0<\/p>\n<p>&#8220;Nos primeiros minutos de reboque percebemos que estava a entrar demasiada \u00e1gua e o barco estava lentamente a afundar&#8221;, contou, acrescentado que decidiriam, ent\u00e3o, &#8220;abandonar o reboque do barco e retirar as pessoas que se encontravam a bordo&#8221;.<\/p>\n<p>&#8220;Continuamos a tentar pedir aux\u00edlio \u00e0s autoridades, pois poderiam ter meios mais adequados para lidar com a situa\u00e7\u00e3o, mas infelizmente o barco afundou antes de isso acontecer. Tudo demorou pouco mais de uma hora. A intera\u00e7\u00e3o da orca com o barco foram cerca de cinco minutos e depois foi o tempo da \u00e1gua entrar no barco e ele afundar&#8221;, explicou ao Not\u00edcias ao Minuto.<\/p>\n<p>Esta manh\u00e3, num comunicado enviado \u00e0s reda\u00e7\u00f5es, o Nautic Squad j\u00e1 tinha adiantado que o veleiro acabou &#8220;por afundar em menos de uma hora&#8221;, ap\u00f3s os lemes e o casco terem sido destru\u00eddos.\u00a0<\/p>\n<p>&#8220;A bordo encontravam-se quatro pessoas, todas resgatadas em seguran\u00e7a e sem ferimentos. O ataque destruiu os lemes e danificou o casco, levando \u00e0 entrada de \u00e1gua imposs\u00edvel de conter, mesmo com todos os meios mobilizados&#8221;, disse o clube.<\/p>\n<p>&#8220;O Oceanview pode ter-se perdido no fundo do mar, mas o apoio que vivemos \u00e0 superf\u00edcie mostrou-nos que ser s\u00f3cio de um Clube faz toda a diferen\u00e7a. Nos bons momentos, partilhamos conquistas. Nos maus, ningu\u00e9m fica sozinho&#8221;, acrescentou.<\/p>\n<p>                                                    <img decoding=\"async\" src=\"https:\/\/www.europesays.com\/pt\/wp-content\/uploads\/2025\/09\/naom_68c6bf359cbb6.jpg\" border=\"0\" alt=\"Veleiro surpreendido por orcas afundou \"\/><\/p>\n<p>Oceanview foi o primeiro veleiro da Nautic Squad, que assegura que, &#8220;apesar da dor de ver partir uma embarca\u00e7\u00e3o t\u00e3o especial&#8221;, o epis\u00f3dio &#8220;foi marcado por algo maior: a uni\u00e3o e a prontid\u00e3o da comunidade n\u00e1utica&#8221;.<\/p>\n<p>                                                     Tom\u00e1sia Sousa | 14:50 &#8211; 14\/09\/2025 <\/p>\n<p>Recorde-se de que nove pessoas que seguiam no s\u00e1bado em duas embarca\u00e7\u00f5es, ao largo de Cascais e da praia da Fonte da Telha, tiveram de ser auxiliadas, por causa de\u00a0<a href=\"https:\/\/www.noticiasaominuto.com\/pais\/2853056\/grupo-de-orcas-afunda-veleiro-na-costa-da-caparica\" target=\"_blank\" rel=\"noopener nofollow\">&#8220;uma intera\u00e7\u00e3o com orcas&#8221;<\/a>, anunciou a Autoridade Mar\u00edtima Nacional.<\/p>\n<p>Em Cascais, a embarca\u00e7\u00e3o foi retirada do local com o aux\u00edlio de uma outra que se encontrava nas proximidades.<\/p>\n<p>Quanto ao veleiro, ao largo da praia da Fonte da Telha, foi transportado para o porto de abrigo de Oeiras.<\/p>\n<p>Leia Tamb\u00e9m: <a href=\"https:\/\/www.noticiasaominuto.com\/pais\/2853388\/veleiro-surpreendido-por-orcas-afundou-em-menos-de-uma-hora\" target=\"_blank\" rel=\"noopener noreferrer nofollow\">Veleiro surpreendido por orcas afundou &#8220;em menos de uma hora&#8221;<\/a><\/p>\n","protected":false},"excerpt":{"rendered":"Um veleiro afundou ap\u00f3s ter sido abalroado por um ataque de orca, no s\u00e1bado, ao largo da Costa&hellip;\n","protected":false},"author":2,"featured_media":72895,"comment_status":"","ping_status":"","sticky":false,"template":"","format":"standard","meta":{"footnotes":""},"categories":[10],"tags":[27,28,15,16,14,25,26,21,22,12,13,19,20,32,23,24,33,17,18,29,30,31],"class_list":{"0":"post-72894","1":"post","2":"type-post","3":"status-publish","4":"format-standard","5":"has-post-thumbnail","7":"category-portugal","8":"tag-breaking-news","9":"tag-breakingnews","10":"tag-featured-news","11":"tag-featurednews","12":"tag-headlines","13":"tag-latest-news","14":"tag-latestnews","15":"tag-main-news","16":"tag-mainnews","17":"tag-news","18":"tag-noticias","19":"tag-noticias-principais","20":"tag-noticiasprincipais","21":"tag-portugal","22":"tag-principais-noticias","23":"tag-principaisnoticias","24":"tag-pt","25":"tag-top-stories","26":"tag-topstories","27":"tag-ultimas","28":"tag-ultimas-noticias","29":"tag-ultimasnoticias"},"share_on_mastodon":{"url":"","error":""},"_links":{"self":[{"href":"https:\/\/www.europesays.com\/pt\/wp-json\/wp\/v2\/posts\/72894","targetHints":{"allow":["GET"]}}],"collection":[{"href":"https:\/\/www.europesays.com\/pt\/wp-json\/wp\/v2\/posts"}],"about":[{"href":"https:\/\/www.europesays.com\/pt\/wp-json\/wp\/v2\/types\/post"}],"author":[{"embeddable":true,"href":"https:\/\/www.europesays.com\/pt\/wp-json\/wp\/v2\/users\/2"}],"replies":[{"embeddable":true,"href":"https:\/\/www.europesays.com\/pt\/wp-json\/wp\/v2\/comments?post=72894"}],"version-history":[{"count":0,"href":"https:\/\/www.europesays.com\/pt\/wp-json\/wp\/v2\/posts\/72894\/revisions"}],"wp:featuredmedia":[{"embeddable":true,"href":"https:\/\/www.europesays.com\/pt\/wp-json\/wp\/v2\/media\/72895"}],"wp:attachment":[{"href":"https:\/\/www.europesays.com\/pt\/wp-json\/wp\/v2\/media?parent=72894"}],"wp:term":[{"taxonomy":"category","embeddable":true,"href":"https:\/\/www.europesays.com\/pt\/wp-json\/wp\/v2\/categories?post=72894"},{"taxonomy":"post_tag","embeddable":true,"href":"https:\/\/www.europesays.com\/pt\/wp-json\/wp\/v2\/tags?post=72894"}],"curies":[{"name":"wp","href":"https:\/\/api.w.org\/{rel}","templated":true}]}}