{"id":72898,"date":"2025-09-15T20:56:22","date_gmt":"2025-09-15T20:56:22","guid":{"rendered":"https:\/\/www.europesays.com\/pt\/72898\/"},"modified":"2025-09-15T20:56:22","modified_gmt":"2025-09-15T20:56:22","slug":"lembra-deles-como-estao-5-cantores-que-fizeram-sucesso-nos-anos-80","status":"publish","type":"post","link":"https:\/\/www.europesays.com\/pt\/72898\/","title":{"rendered":"Lembra deles? Como est\u00e3o 5 cantores que fizeram sucesso nos anos 80"},"content":{"rendered":"<p>Eles batiam ponto nos programas de audit\u00f3rio que fizeram sucesso nos anos 1980, como Qual \u00e9 a M\u00fasica, Cassino do Chacrinha, Clube do Bolinha e Viva a Noite. No entanto, muitos deles acabaram deixando os holofotes com o passar do tempo.<\/p>\n<p>continua depois da publicidade<\/p>\n<p>Confira abaixo o que aconteceu com sete cantores que fizeram muito sucesso naquela d\u00e9cada:<\/p>\n<p>Gilliard<\/p>\n<p><img decoding=\"async\" loading=\"lazy\" class=\"horizontal\" src=\"https:\/\/www.europesays.com\/pt\/wp-content\/uploads\/2025\/09\/gilliard-antes-depois_5999.jpeg\" alt=\"Lembra deles? Como est\u00e3o 5 cantores que fizeram sucesso nos anos 80\"\/><\/p>\n<p>Em 1979, Gilliard lan\u00e7ou o seu primeiro disco, que tinha a m\u00fasica de maior sucesso da carreira do cantor: Aquela Nuvem. O cantor esteve presente em v\u00e1rios programas e foi um dos recordistas de vit\u00f3rias no Qual \u00e9 a M\u00fasica.<\/p>\n<p>Hoje, com 68 anos e mais de 20 discos gravados, o cantor continua fazendo shows por todo o Brasil e participando dos mais variados programas &#8211; recentemente, esteve no Acerte ou Caia, da Record, por exemplo.<\/p>\n<p>continua depois da publicidade<\/p>\n<p>Jos\u00e9 Augusto<\/p>\n<p><img decoding=\"async\" loading=\"lazy\" class=\"horizontal\" src=\"https:\/\/www.europesays.com\/pt\/wp-content\/uploads\/2025\/09\/jose-augusto-antes-depois_5118.jpeg\" alt=\"Lembra deles? Como est\u00e3o 5 cantores que fizeram sucesso nos anos 80\"\/><\/p>\n<p>Conhecido como o Rei do Romantismo, Jos\u00e9 Augusto despontou nos anos 1970, mas foi a partir da d\u00e9cada seguinte que viveu o auge de sua carreira. Teve diversos sucessos e m\u00fasicas que embalaram trilhas sonoras de novelas da <a href=\"https:\/\/natelinha.uol.com.br\/televisao\/emissoras\/globo\" rel=\"nofollow noopener\" target=\"_blank\">Globo<\/a>, incluindo as aberturas de Barriga de Aluguel (1990) e Sonho Meu (1993).<\/p>\n<p>Consagrado no Brasil e no exterior, o cantor chegou a morar em Miami, nos Estados Unidos, e continua se dedicando \u00e0 m\u00fasica, atualmente tendo 72 anos.<\/p>\n<p>Jos\u00e9 Luiz<\/p>\n<p><img decoding=\"async\" loading=\"lazy\" class=\"horizontal\" src=\"https:\/\/www.europesays.com\/pt\/wp-content\/uploads\/2025\/09\/jose-luis-antes-depois_2663.jpeg\" alt=\"Lembra deles? Como est\u00e3o 5 cantores que fizeram sucesso nos anos 80\"\/><\/p>\n<p>Jos\u00e9 Luiz fez enorme sucesso nos anos 1980 com a m\u00fasica Hoje \u00e0 Noite, vendendo mais de 250 mil c\u00f3pias do disco. Ele participou do Qual \u00e9 a M\u00fasica e foi respons\u00e1vel por desbancar Nahim, um dos grandes vencedores da atra\u00e7\u00e3o. Foi um dos vencedores do Rei Majestade (2006), tamb\u00e9m comandado por Silvio Santos.<\/p>\n<p>continua depois da publicidade<\/p>\n<p>Longe dos holofotes, atualmente tem 64 anos e cuida de sua empresa de m\u00e1rmores e granitos.<\/p>\n<p>Sylvinho Blau Blau<\/p>\n<p><img decoding=\"async\" loading=\"lazy\" class=\"horizontal\" src=\"https:\/\/www.europesays.com\/pt\/wp-content\/uploads\/2025\/09\/sylvinho-blau-blau-antes-depois_8104.jpeg\" alt=\"Lembra deles? Como est\u00e3o 5 cantores que fizeram sucesso nos anos 80\"\/><\/p>\n<p>Sylvio Luiz do Rego Junior, o Sylvinho Blau Blau, come\u00e7ou sua carreira na banda Absyntho, que fez grande sucesso nos anos 1980 com a m\u00fasica Ursinho Blau Blau. Em sua carreira-solo, o astro esteve presente em v\u00e1rias atra\u00e7\u00f5es de Silvio Santos. Nos \u00faltimos tempos, o cantor buscou espa\u00e7o nos realities da Record, como A Fazenda (2012) e Power Couple Brasil (2017).<\/p>\n<p>Atualmente com 66 anos, participou do The Masked Singer Brasil, na Globo, em 2023, e pode ser visto nas redes sociais.<\/p>\n<p>continua depois da publicidade<\/p>\n<p>Silvio Brito<\/p>\n<p><img decoding=\"async\" loading=\"lazy\" class=\"horizontal\" src=\"https:\/\/www.europesays.com\/pt\/wp-content\/uploads\/2025\/09\/silvio-britto-antes-depois_7619.jpeg\" alt=\"Lembra deles? Como est\u00e3o 5 cantores que fizeram sucesso nos anos 80\"\/><\/p>\n<p>Com seu jeito extravagante, Silvio Brito come\u00e7ou a ganhar fama em quadros do Programa Silvio Santos ainda nos anos 1970, como o Qual \u00e9 a M\u00fasica. Foi l\u00e1 que ele lan\u00e7ou seu grande sucesso, T\u00e1 Todo Mundo Louco. Em 2007, foi vice campe\u00e3o do Rei Majestade, do SBT.<\/p>\n<p>Atualmente com 73 anos, o astro comanda seu pr\u00f3prio programa na Rede Vida e continua fazendo shows.<\/p>\n<p>Egon Henrique<\/p>\n<p><img decoding=\"async\" loading=\"lazy\" class=\"horizontal\" src=\"https:\/\/www.europesays.com\/pt\/wp-content\/uploads\/2025\/09\/egon-henrique-antes-depois_6576.jpeg\" alt=\"Lembra deles? Como est\u00e3o 5 cantores que fizeram sucesso nos anos 80\"\/><\/p>\n<p>Com o sucesso Garota, Egon Henrique esteve presente em v\u00e1rios programas do SBT nos anos 1980, tamb\u00e9m brilhando como jurado do Show de Calouros. No Qual \u00e9 a M\u00fasica, o astro ganhou v\u00e1rias edi\u00e7\u00f5es do programa.<\/p>\n<p>continua depois da publicidade<\/p>\n<p>Longe do universo musical h\u00e1 algumas d\u00e9cadas, ele atua no mercado financeiro, vivendo longe dos holofotes.<\/p>\n<p>Dudu Fran\u00e7a<\/p>\n<p><img decoding=\"async\" loading=\"lazy\" class=\"horizontal\" src=\"https:\/\/www.europesays.com\/pt\/wp-content\/uploads\/2025\/09\/dudu-franca-antes-depois_1764.jpeg\" alt=\"Lembra deles? Como est\u00e3o 5 cantores que fizeram sucesso nos anos 80\"\/><\/p>\n<p>No auge da febre das discotecas, Dudu Fran\u00e7a fez grande sucesso com a m\u00fasica Grilo na Cuca, tema da novela Marron Glac\u00e9 (1979). Sempre presente nos programas de Silvio Santos, ele ganhou sua pr\u00f3pria atra\u00e7\u00e3o no SBT nos anos 1980, o Vamos Nessa.<\/p>\n<p>Mesmo longe dos holofotes, Dudu continuou na carreira musical e surpreendeu ao participar do The Voice+, da Globo, em 2021. Atualmente, tem 75 anos e continua fazendo shows pelo Brasil, tamb\u00e9m podendo ser visto nas redes sociais.<\/p>\n<p>continua depois da publicidade<\/p>\n<p>\u00a0<\/p>\n","protected":false},"excerpt":{"rendered":"Eles batiam ponto nos programas de audit\u00f3rio que fizeram sucesso nos anos 1980, como Qual \u00e9 a M\u00fasica,&hellip;\n","protected":false},"author":2,"featured_media":72899,"comment_status":"","ping_status":"","sticky":false,"template":"","format":"standard","meta":{"footnotes":""},"categories":[145],"tags":[211,210,114,115,32,33,19266,936,218],"class_list":{"0":"post-72898","1":"post","2":"type-post","3":"status-publish","4":"format-standard","5":"has-post-thumbnail","7":"category-celebridades","8":"tag-celebridades","9":"tag-celebrities","10":"tag-entertainment","11":"tag-entretenimento","12":"tag-portugal","13":"tag-pt","14":"tag-qual-e-a-musica","15":"tag-sbt","16":"tag-televisao"},"share_on_mastodon":{"url":"","error":""},"_links":{"self":[{"href":"https:\/\/www.europesays.com\/pt\/wp-json\/wp\/v2\/posts\/72898","targetHints":{"allow":["GET"]}}],"collection":[{"href":"https:\/\/www.europesays.com\/pt\/wp-json\/wp\/v2\/posts"}],"about":[{"href":"https:\/\/www.europesays.com\/pt\/wp-json\/wp\/v2\/types\/post"}],"author":[{"embeddable":true,"href":"https:\/\/www.europesays.com\/pt\/wp-json\/wp\/v2\/users\/2"}],"replies":[{"embeddable":true,"href":"https:\/\/www.europesays.com\/pt\/wp-json\/wp\/v2\/comments?post=72898"}],"version-history":[{"count":0,"href":"https:\/\/www.europesays.com\/pt\/wp-json\/wp\/v2\/posts\/72898\/revisions"}],"wp:featuredmedia":[{"embeddable":true,"href":"https:\/\/www.europesays.com\/pt\/wp-json\/wp\/v2\/media\/72899"}],"wp:attachment":[{"href":"https:\/\/www.europesays.com\/pt\/wp-json\/wp\/v2\/media?parent=72898"}],"wp:term":[{"taxonomy":"category","embeddable":true,"href":"https:\/\/www.europesays.com\/pt\/wp-json\/wp\/v2\/categories?post=72898"},{"taxonomy":"post_tag","embeddable":true,"href":"https:\/\/www.europesays.com\/pt\/wp-json\/wp\/v2\/tags?post=72898"}],"curies":[{"name":"wp","href":"https:\/\/api.w.org\/{rel}","templated":true}]}}