{"id":72904,"date":"2025-09-15T21:01:05","date_gmt":"2025-09-15T21:01:05","guid":{"rendered":"https:\/\/www.europesays.com\/pt\/72904\/"},"modified":"2025-09-15T21:01:05","modified_gmt":"2025-09-15T21:01:05","slug":"a-estreia-de-o-agente-secreto-nos-cinemas-brasileiros","status":"publish","type":"post","link":"https:\/\/www.europesays.com\/pt\/72904\/","title":{"rendered":"A estreia de O Agente Secreto nos cinemas brasileiros"},"content":{"rendered":"<p>O filme O Agente Secreto, dirigido por Kleber Mendon\u00e7a Filho (de Bacurau e Aquarius), foi escolhido para <a href=\"https:\/\/tangerina.uol.com.br\/filmes-series\/onde-assistir-aos-6-filmes-brasileiros-que-estao-na-corrida-pelo-oscar-2026\/\" target=\"_blank\" rel=\"noreferrer noopener nofollow\">representar o Brasil no Oscar 2026<\/a>, na categoria de Melhor Filme Internacional. A decis\u00e3o foi anunciada pela Comiss\u00e3o de Sele\u00e7\u00e3o da Academia Brasileira de Cinema e Artes Audiovisuais (<a href=\"https:\/\/academiabrasileiradecinema.com.br\/\" target=\"_blank\" rel=\"noreferrer noopener nofollow\">ABCAA<\/a>), respons\u00e1vel por indicar a produ\u00e7\u00e3o nacional que tentar\u00e1 uma vaga na maior premia\u00e7\u00e3o do cinema mundial, nesta segunda-feira (15).<\/p>\n<p>Mas quando acontece a estreia nos cinemas brasileiros? De acordo com a Vitrine Filmes, distribuidora do longa, o lan\u00e7amento nacional ser\u00e1 em <strong>6 de novembro de 2025<\/strong>.<\/p>\n<p>O longa retrata a trajet\u00f3ria de um jovem recrutado pela Ditadura Militar Brasileira (1964-1985) como informante e espi\u00e3o, costurando quest\u00f5es hist\u00f3ricas e pol\u00edticas com elementos de suspense. Estrelado por nomes como Wagner Moura, Alice Carvalho, T\u00e2nia Maria e Carlos Francisco, o filme j\u00e1 venceu t\u00edtulos internacionais, incluindo o 78\u00ba Festival de Cannes e o Pr\u00eamio da Cr\u00edtica, e se torna agora o principal representante do cinema brasileiro em 2026. <\/p>\n<p>Caso seja selecionado pela Academia de Hollywood, o longa pode disputar diretamente o Oscar de Melhor Filme Internacional, pr\u00eamio conquistado por Ainda Estou Aqui, de Walter Salles, neste ano.<\/p>\n<p>Os outros filmes que estavam na lista dos pr\u00e9-selecionados como representantes do Brasil no Oscar eram Baby, de Marcelo Caetano; Kasa Branca, de Luciano Vidigal; Manas, de Marianna Brennand; O \u00daltimo Azul, de Gabriel Mascaro e Oeste Outra Vez, de Erico Rassi.<\/p>\n<p>Assista ao trailer:<\/p>\n<p>Como funciona a indica\u00e7\u00e3o ao Oscar 2026<\/p>\n<p>Ter sido escolhido como o representante brasileiro ao Oscar n\u00e3o significa que o filme j\u00e1 ter\u00e1 assegurada uma indica\u00e7\u00e3o ao pr\u00eamio. Cada pa\u00eds indica um filme como seu representante para a disputa. A partir dessas indica\u00e7\u00f5es, o Oscar faz uma sele\u00e7\u00e3o dos filmes que, de fato, v\u00e3o concorrer ao pr\u00eamio mais famoso do cinema mundial. <\/p>\n<p>A lista final de candidatos \u00e0 estatueta ser\u00e1 divulgada em 22 de janeiro. A cerim\u00f4nia que consagrar\u00e1 os vencedores est\u00e1 marcada para acontecer somente em 15 de mar\u00e7o de 2026.<\/p>\n","protected":false},"excerpt":{"rendered":"O filme O Agente Secreto, dirigido por Kleber Mendon\u00e7a Filho (de Bacurau e Aquarius), foi escolhido para representar&hellip;\n","protected":false},"author":2,"featured_media":72905,"comment_status":"","ping_status":"","sticky":false,"template":"","format":"standard","meta":{"footnotes":""},"categories":[140],"tags":[470,114,115,147,148,13650,146,1409,32,33],"class_list":{"0":"post-72904","1":"post","2":"type-post","3":"status-publish","4":"format-standard","5":"has-post-thumbnail","7":"category-filmes","8":"tag-cinema","9":"tag-entertainment","10":"tag-entretenimento","11":"tag-film","12":"tag-filmes","13":"tag-filmes-nacionais","14":"tag-movies","15":"tag-oscar","16":"tag-portugal","17":"tag-pt"},"share_on_mastodon":{"url":"","error":""},"_links":{"self":[{"href":"https:\/\/www.europesays.com\/pt\/wp-json\/wp\/v2\/posts\/72904","targetHints":{"allow":["GET"]}}],"collection":[{"href":"https:\/\/www.europesays.com\/pt\/wp-json\/wp\/v2\/posts"}],"about":[{"href":"https:\/\/www.europesays.com\/pt\/wp-json\/wp\/v2\/types\/post"}],"author":[{"embeddable":true,"href":"https:\/\/www.europesays.com\/pt\/wp-json\/wp\/v2\/users\/2"}],"replies":[{"embeddable":true,"href":"https:\/\/www.europesays.com\/pt\/wp-json\/wp\/v2\/comments?post=72904"}],"version-history":[{"count":0,"href":"https:\/\/www.europesays.com\/pt\/wp-json\/wp\/v2\/posts\/72904\/revisions"}],"wp:featuredmedia":[{"embeddable":true,"href":"https:\/\/www.europesays.com\/pt\/wp-json\/wp\/v2\/media\/72905"}],"wp:attachment":[{"href":"https:\/\/www.europesays.com\/pt\/wp-json\/wp\/v2\/media?parent=72904"}],"wp:term":[{"taxonomy":"category","embeddable":true,"href":"https:\/\/www.europesays.com\/pt\/wp-json\/wp\/v2\/categories?post=72904"},{"taxonomy":"post_tag","embeddable":true,"href":"https:\/\/www.europesays.com\/pt\/wp-json\/wp\/v2\/tags?post=72904"}],"curies":[{"name":"wp","href":"https:\/\/api.w.org\/{rel}","templated":true}]}}