{"id":72914,"date":"2025-09-15T21:13:11","date_gmt":"2025-09-15T21:13:11","guid":{"rendered":"https:\/\/www.europesays.com\/pt\/72914\/"},"modified":"2025-09-15T21:13:11","modified_gmt":"2025-09-15T21:13:11","slug":"se-lhe-provocou-vergonha-alheia-entao-vai-te-la-durante-muito-tempo-fabio-daniel-responde-a-criticas-secret-story","status":"publish","type":"post","link":"https:\/\/www.europesays.com\/pt\/72914\/","title":{"rendered":"\u201cSe lhe provocou vergonha alheia, ent\u00e3o vai t\u00ea-la durante muito tempo\u201d: F\u00e1bio Daniel responde a cr\u00edticas &#8211; Secret Story"},"content":{"rendered":"<p style=\"margin-bottom:11px\">No Secret Story 9, ap\u00f3s as apresenta\u00e7\u00f5es, a Voz confrontou L\u00eddia por ter dito \u201cque vergonha alheia\u201d durante a gala. A concorrente explicou que o coment\u00e1rio se devia \u00e0 rea\u00e7\u00e3o de F\u00e1bio Daniel \u00e0s nomea\u00e7\u00f5es. O colega n\u00e3o deixou passar e respondeu: \u201cSe lhe provocou vergonha alheia, ent\u00e3o vai t\u00ea-la durante muito tempo\u201d, defendendo que \u00e9 natural n\u00e3o gostar de ser nomeado e que nunca ficar\u00e1 calado quando discordar.\u00a0 Lidia conclui, admitindo que o colega quer limitar os sonhos dos outros.<\/p>\n","protected":false},"excerpt":{"rendered":"No Secret Story 9, ap\u00f3s as apresenta\u00e7\u00f5es, a Voz confrontou L\u00eddia por ter dito \u201cque vergonha alheia\u201d durante&hellip;\n","protected":false},"author":2,"featured_media":72915,"comment_status":"","ping_status":"","sticky":false,"template":"","format":"standard","meta":{"footnotes":""},"categories":[142],"tags":[114,115,19151,19033,19044,19034,32,33,151,19032],"class_list":{"0":"post-72914","1":"post","2":"type-post","3":"status-publish","4":"format-standard","5":"has-post-thumbnail","7":"category-tv","8":"tag-entertainment","9":"tag-entretenimento","10":"tag-fabio-daniel","11":"tag-galas-em-video","12":"tag-lidia","13":"tag-melhores-momentos-casa-dos-segredos","14":"tag-portugal","15":"tag-pt","16":"tag-tv","17":"tag-videos-secret-story-tvi"},"share_on_mastodon":{"url":"","error":""},"_links":{"self":[{"href":"https:\/\/www.europesays.com\/pt\/wp-json\/wp\/v2\/posts\/72914","targetHints":{"allow":["GET"]}}],"collection":[{"href":"https:\/\/www.europesays.com\/pt\/wp-json\/wp\/v2\/posts"}],"about":[{"href":"https:\/\/www.europesays.com\/pt\/wp-json\/wp\/v2\/types\/post"}],"author":[{"embeddable":true,"href":"https:\/\/www.europesays.com\/pt\/wp-json\/wp\/v2\/users\/2"}],"replies":[{"embeddable":true,"href":"https:\/\/www.europesays.com\/pt\/wp-json\/wp\/v2\/comments?post=72914"}],"version-history":[{"count":0,"href":"https:\/\/www.europesays.com\/pt\/wp-json\/wp\/v2\/posts\/72914\/revisions"}],"wp:featuredmedia":[{"embeddable":true,"href":"https:\/\/www.europesays.com\/pt\/wp-json\/wp\/v2\/media\/72915"}],"wp:attachment":[{"href":"https:\/\/www.europesays.com\/pt\/wp-json\/wp\/v2\/media?parent=72914"}],"wp:term":[{"taxonomy":"category","embeddable":true,"href":"https:\/\/www.europesays.com\/pt\/wp-json\/wp\/v2\/categories?post=72914"},{"taxonomy":"post_tag","embeddable":true,"href":"https:\/\/www.europesays.com\/pt\/wp-json\/wp\/v2\/tags?post=72914"}],"curies":[{"name":"wp","href":"https:\/\/api.w.org\/{rel}","templated":true}]}}