{"id":72926,"date":"2025-09-15T21:24:13","date_gmt":"2025-09-15T21:24:13","guid":{"rendered":"https:\/\/www.europesays.com\/pt\/72926\/"},"modified":"2025-09-15T21:24:13","modified_gmt":"2025-09-15T21:24:13","slug":"oscar-2026-o-agente-secreto-vai-representar-o-brasil-15-09-2025-ilustrada","status":"publish","type":"post","link":"https:\/\/www.europesays.com\/pt\/72926\/","title":{"rendered":"Oscar 2026: O Agente Secreto vai representar o Brasil &#8211; 15\/09\/2025 &#8211; Ilustrada"},"content":{"rendered":"<p>&#8220;<a href=\"https:\/\/www1.folha.uol.com.br\/folha-topicos\/o-agente-secreto\/\" rel=\"nofollow noopener\" target=\"_blank\">O Agente Secreto<\/a>&#8221; teve seu favoritismo confirmado nesta segunda-feira (15) e foi escolhido pela Academia Brasileira de <a href=\"https:\/\/www1.folha.uol.com.br\/folha-topicos\/cinema\/\" rel=\"nofollow noopener\" target=\"_blank\">Cinema<\/a> para tentar uma vaga na disputa de melhor filme internacional do <a href=\"https:\/\/www1.folha.uol.com.br\/folha-topicos\/oscar\/\" rel=\"nofollow noopener\" target=\"_blank\">Oscar<\/a> do ano que vem, marcado para o dia 15 de mar\u00e7o.<\/p>\n<p>A decis\u00e3o foi tomada em meio \u00e0 gritaria das redes sociais, que ao longo da \u00faltima semana <a href=\"https:\/\/www1.folha.uol.com.br\/ilustrada\/2025\/09\/o-agente-secreto-e-manas-protagonizam-disputa-por-vaga-brasileira-no-oscar.shtml\" rel=\"nofollow noopener\" target=\"\">viraram palco de uma disputa acalorada<\/a> entre o longa de <a href=\"https:\/\/www1.folha.uol.com.br\/folha-topicos\/kleber-mendonca-filho\/\" rel=\"nofollow noopener\" target=\"_blank\">Kleber Mendon\u00e7a Filho<\/a> e &#8220;<a href=\"https:\/\/www1.folha.uol.com.br\/ilustrada\/2025\/05\/manas-traca-cenario-duro-e-sensivel-sobre-abuso-infantil-e-abandono-no-marajo.shtml\" rel=\"nofollow noopener\" target=\"\">Manas<\/a>&#8220;, de Marianna Brennand, que surgiu como s\u00e9rio candidato na disputa repentinamente.<\/p>\n<p>Agora, &#8220;O Agente Secreto&#8221; ser\u00e1 apreciado pela Academia de Artes e Ci\u00eancias Cinematogr\u00e1ficas de <a href=\"https:\/\/www1.folha.uol.com.br\/folha-topicos\/hollywood\/\" rel=\"nofollow noopener\" target=\"_blank\">Hollywood<\/a>, respons\u00e1vel pelo Oscar, junto com os t\u00edtulos escolhidos por outros pa\u00edses. O \u00f3rg\u00e3o n\u00e3o pode indicar, em melhor filme internacional, produ\u00e7\u00f5es que n\u00e3o tenham sido as escolhas oficiais de cada na\u00e7\u00e3o.<\/p>\n<p>Assim, se &#8220;Manas&#8221; decidir dar sequ\u00eancia \u00e0 campanha de internacionaliza\u00e7\u00e3o que come\u00e7ou nas \u00faltimas semanas, ficar\u00e1 restrito \u00e0s outras categorias da premia\u00e7\u00e3o. &#8220;O Agente Secreto&#8221;, por sua vez, j\u00e1 \u00e9 ventilado pela imprensa americana como possibilidade tamb\u00e9m em melhor filme, roteiro original, dire\u00e7\u00e3o e ator, para Wagner Moura, o que deu for\u00e7a para sua campanha diante da Academia Brasileira de Cinema.<\/p>\n<p>Na \u00e1rea de coment\u00e1rios da transmiss\u00e3o ao vivo no YouTube em que a escolha foi anunciada, f\u00e3s e haters se reuniram logo cedo para defender, em especial, &#8220;O Agente Secreto&#8221;. Poucas horas depois, a fun\u00e7\u00e3o de coment\u00e1rios foi desabilitada.<\/p>\n<p>No fim de semana, a disputa dicot\u00f4mica tomou propor\u00e7\u00f5es que geraram desconforto na ind\u00fastria, com publica\u00e7\u00f5es feitas por nomes como Fernanda Torres, B\u00e1rbara Paz e Anna Muylaert nas redes sociais.<\/p>\n<p>Tamb\u00e9m estavam pr\u00e9-selecionados para tentar a vaga brasileira os filmes &#8220;<a href=\"https:\/\/www1.folha.uol.com.br\/ilustrada\/2025\/08\/o-ultimo-azul-encanta-com-distanciamento-que-permite-a-contemplacao.shtml\" rel=\"nofollow noopener\" target=\"_blank\">O \u00daltimo Azul<\/a>&#8220;, de <a href=\"https:\/\/www1.folha.uol.com.br\/ilustrada\/2025\/02\/premiado-em-berlim-gabriel-mascaro-e-dono-de-um-cinema-inquieto.shtml\" rel=\"nofollow noopener\" target=\"_blank\">Gabriel Mascaro<\/a>; &#8220;<a href=\"https:\/\/www1.folha.uol.com.br\/ilustrada\/2025\/01\/baby-e-cliche-ao-tratar-de-pessoas-lgbtqia-e-suas-familias-informais.shtml\" rel=\"nofollow noopener\" target=\"_blank\">Baby<\/a>&#8220;, de <a href=\"https:\/\/www1.folha.uol.com.br\/banco-de-dados\/2019\/07\/1969-em-visita-ao-brasil-caetano-fala-em-expandir-comunidade-luso-brasileira.shtml\" rel=\"nofollow noopener\" target=\"_blank\">Marcelo Caetano<\/a>; &#8220;<a href=\"https:\/\/www1.folha.uol.com.br\/ilustrada\/2025\/02\/filme-une-jovem-negro-e-avo-com-alzheimer-em-aventuras-pela-periferia.shtml\" rel=\"nofollow noopener\" target=\"_blank\">Kasa Branca<\/a>&#8220;, de Luciano Vidigal, e &#8220;<a href=\"https:\/\/www1.folha.uol.com.br\/ilustrada\/2025\/03\/oeste-outra-vez-ridiculariza-o-mito-do-homem-viril-com-disputa-de-pistolas-murchas.shtml\" rel=\"nofollow noopener\" target=\"_blank\">Oeste Outra Vez<\/a>&#8220;, de <a href=\"https:\/\/www1.folha.uol.com.br\/ilustrada\/2025\/03\/oeste-outra-vez-tem-trama-com-conflito-vazio-e-tende-a-monotonia.shtml\" rel=\"nofollow noopener\" target=\"_blank\">Erico Rassi<\/a>.<\/p>\n<p>Presidente da comiss\u00e3o de sele\u00e7\u00e3o do candidato brasileiro, Sara Silveira afirmou, durante o an\u00fancio desta segunda, que a responsabilidade da escolha foi grande. &#8220;Era uma escolha no c\u00e9rebro de 15 pessoas, que foi raciocinada, pensada e n\u00e3o gerou lutas ou conflitos enormes. Houve harmonia, que \u00e9 o que eu quero e o que precisamos para o cinema nacional&#8221;, afirmou.<\/p>\n<p>Ela tamb\u00e9m saudou &#8220;Manas&#8221; e o fato de uma diretora mulher ter chegado t\u00e3o perto da indica\u00e7\u00e3o. Rodrigo Teixeira, produtor de &#8220;Ainda Estou Aqui&#8221;, que participou da decis\u00e3o, condenou ainda ataques que Brennand teria sofrido.<\/p>\n<p>Tamb\u00e9m integraram o comit\u00ea Ailton Franco Junior, Cecilia Amado, Cibele Amaral, Eva Pereira, Felipe Lopes, Hsu Chien Hsin, Jeferon De, L\u00e1zaro Ramos, Ma\u00edra Oliveira, Marcelo Serrado, Simone Zuccolotto, Solange Moraes e Tatiana Issa.<\/p>\n<p>&#8220;N\u00e3o h\u00e1 necessidade de se blindar, at\u00e9 porque falamos de um cinema constru\u00eddo por muitos. Fazer essa escolha de maneira desconectada da realidade seria de uma certa soberba&#8221;, afirmou a roteirista Ma\u00edra Oliveira, ao ser questionada sobre a gritaria da internet. &#8220;A necessidade \u00e9 de valorizar o debate democr\u00e1tico que foi esta escolha. \u00c9 importante debater, ter diverg\u00eancia e celebrar coletivamente este voto.&#8221;<\/p>\n<p>Em 16 de dezembro, a academia hollywoodiana vai anunciar a lista de pr\u00e9-indicados ao Oscar de filme internacional. O an\u00fancio de quem de fato concorre \u00e0 estatueta acontece no dia 22 de janeiro.<\/p>\n<p>Nos Estados Unidos, &#8220;O Agente Secreto&#8221; \u00e9 da Neon, distribuidora poderosa e influente, respons\u00e1vel pelo grande vencedor deste ano, &#8220;<a href=\"https:\/\/www1.folha.uol.com.br\/ilustrada\/2025\/01\/grande-filme-anora-sabe-combinar-conto-de-fada-com-comedia-fisica.shtml\" rel=\"nofollow noopener\" target=\"\">Anora<\/a>&#8220;, e que pode alavancar a campanha e emplacar um filme brasileiro na disputa logo ap\u00f3s <a href=\"https:\/\/www1.folha.uol.com.br\/ilustrada\/2025\/03\/ainda-estou-aqui-vence-o-oscar-de-melhor-filme-internacional-o-1o-do-brasil.shtml\" rel=\"nofollow noopener\" target=\"\">a vit\u00f3ria de &#8220;Ainda Estou Aqui&#8221;<\/a>. Do outro lado do Atl\u00e2ntico, no Reino Unido, a distribui\u00e7\u00e3o \u00e9 da Mubi, outra com poderio significativo.<\/p>\n","protected":false},"excerpt":{"rendered":"&#8220;O Agente Secreto&#8221; teve seu favoritismo confirmado nesta segunda-feira (15) e foi escolhido pela Academia Brasileira de Cinema&hellip;\n","protected":false},"author":2,"featured_media":72927,"comment_status":"","ping_status":"","sticky":false,"template":"","format":"standard","meta":{"footnotes":""},"categories":[145],"tags":[11098,207,211,210,470,6724,114,115,236,2595,2153,19269,19270,2158,1409,32,33],"class_list":{"0":"post-72926","1":"post","2":"type-post","3":"status-publish","4":"format-standard","5":"has-post-thumbnail","7":"category-celebridades","8":"tag-academia-de-cinema","9":"tag-arte","10":"tag-celebridades","11":"tag-celebrities","12":"tag-cinema","13":"tag-cinema-brasileiro","14":"tag-entertainment","15":"tag-entretenimento","16":"tag-folha","17":"tag-hollywood","18":"tag-kleber-mendonca-filho","19":"tag-manas","20":"tag-marianna-brennand","21":"tag-o-agente-secreto","22":"tag-oscar","23":"tag-portugal","24":"tag-pt"},"share_on_mastodon":{"url":"","error":""},"_links":{"self":[{"href":"https:\/\/www.europesays.com\/pt\/wp-json\/wp\/v2\/posts\/72926","targetHints":{"allow":["GET"]}}],"collection":[{"href":"https:\/\/www.europesays.com\/pt\/wp-json\/wp\/v2\/posts"}],"about":[{"href":"https:\/\/www.europesays.com\/pt\/wp-json\/wp\/v2\/types\/post"}],"author":[{"embeddable":true,"href":"https:\/\/www.europesays.com\/pt\/wp-json\/wp\/v2\/users\/2"}],"replies":[{"embeddable":true,"href":"https:\/\/www.europesays.com\/pt\/wp-json\/wp\/v2\/comments?post=72926"}],"version-history":[{"count":0,"href":"https:\/\/www.europesays.com\/pt\/wp-json\/wp\/v2\/posts\/72926\/revisions"}],"wp:featuredmedia":[{"embeddable":true,"href":"https:\/\/www.europesays.com\/pt\/wp-json\/wp\/v2\/media\/72927"}],"wp:attachment":[{"href":"https:\/\/www.europesays.com\/pt\/wp-json\/wp\/v2\/media?parent=72926"}],"wp:term":[{"taxonomy":"category","embeddable":true,"href":"https:\/\/www.europesays.com\/pt\/wp-json\/wp\/v2\/categories?post=72926"},{"taxonomy":"post_tag","embeddable":true,"href":"https:\/\/www.europesays.com\/pt\/wp-json\/wp\/v2\/tags?post=72926"}],"curies":[{"name":"wp","href":"https:\/\/api.w.org\/{rel}","templated":true}]}}