{"id":72942,"date":"2025-09-15T21:37:15","date_gmt":"2025-09-15T21:37:15","guid":{"rendered":"https:\/\/www.europesays.com\/pt\/72942\/"},"modified":"2025-09-15T21:37:15","modified_gmt":"2025-09-15T21:37:15","slug":"decisoes-sobre-urgencias-de-obstetricia-em-setubal-serao-anunciadas-brevemente","status":"publish","type":"post","link":"https:\/\/www.europesays.com\/pt\/72942\/","title":{"rendered":"Decis\u00f5es sobre urg\u00eancias de obstetr\u00edcia em Set\u00fabal ser\u00e3o anunciadas &#8220;brevemente&#8221;"},"content":{"rendered":"<p>&#13;<br \/>\n<b>&#8220;A senhora ministra da Sa\u00fade convocou esta reuni\u00e3o com a comiss\u00e3o executiva, com os presidentes do Conselho de Administra\u00e7\u00e3o das tr\u00eas unidades locais de sa\u00fade [ULS] da Pen\u00ednsula de Set\u00fabal para analisar o problema das urg\u00eancias de obstetr\u00edcia&#8221;<\/b>, afirmou \u00c1lvaro Almeida.&#13;\n<\/p>\n<p>&#13;<br \/>\nO diretor executivo do Servi\u00e7o Nacional de Sa\u00fade (SNS) falou aos jornalistas \u00e0 sa\u00edda do Minist\u00e9rio da Sa\u00fade, em Lisboa, ap\u00f3s uma reuni\u00e3o na qual participaram Pedro Correia Azevedo, da ULS Almada\/Seixal, Ana Teresa Xavier, da ULS do Barreiro, e Lu\u00eds Pombo, da ULS de Arr\u00e1bida (Set\u00fabal), al\u00e9m da ministra Ana Paula Martins. &#13;\n<\/p>\n<p>&#13;<br \/>\n<b>&#8220;Fizemos o diagn\u00f3stico da situa\u00e7\u00e3o, analis\u00e1mos a solu\u00e7\u00e3o e agora a senhora ministra tem os elementos para tomar a decis\u00e3o&#8221;<\/b>, acrescentou. <\/p>\n<p>          <img decoding=\"async\" itemprop=\"image\" class=\"img-fluid\"   src=\"https:\/\/www.europesays.com\/pt\/wp-content\/uploads\/2025\/09\/7f4fcd93d38dc41c9335a2d5858de4a0_N.jpg\"\/><\/p>\n<p>&#13;<br \/>\nPerante a insist\u00eancia dos jornalistas, \u00c1lvaro Almeida recusou-se a responder a quest\u00f5es sobre eventuais demiss\u00f5es. &#13;\n<\/p>\n<p>&#13;<br \/>\n&#8220;Tivemos uma reuni\u00e3o de trabalho e demos \u00e0 senhora ministra os elementos necess\u00e1rios para que ela possa tomar decis\u00f5es e ela depois anunciar\u00e1 as decis\u00f5es que entender tomar&#8221;, insistiu.&#13;\n<\/p>\n<p>&#13;<br \/>\n<b>De acordo com o diretor executivo do Servi\u00e7o Nacional de Sa\u00fade, as decis\u00f5es ser\u00e3o anunciadas &#8220;brevemente&#8221; por Ana Paula Martins.<\/b>Caos nas urg\u00eancias de Obstetr\u00edcia<br \/>&#13;<br \/>\nAs urg\u00eancias de Obstetr\u00edcia e Ginecologia do Hospital Garcia de Orta, em Almada, reabriram esta segunda-feira \u00e0s utentes, ap\u00f3s o encerramento inesperado no s\u00e1bado e o condicionamento do servi\u00e7o no domingo.&#13;\n<\/p>\n<p>&#13;<br \/>\nDurante o dia de domingo e at\u00e9 \u00e0s 08:30 de hoje, as urg\u00eancias destas especialidades apenas recebiam os casos encaminhados pelo Centro de Orienta\u00e7\u00e3o de Doentes Urgentes do Instituto Nacional de Emerg\u00eancia M\u00e9dica (INEM).&#13;\n<\/p>\n<p>&#13;<br \/>\n<b>Hoje est\u00e3o encerradas, na Pen\u00ednsula de Set\u00fabal, as urg\u00eancias destas especialidades no Hospital Nossa Senhora do Ros\u00e1rio, no Barreiro, e no Hospital S\u00e3o Bernardo, em Set\u00fabal.<\/b>&#13;\n<\/p>\n<p>&#13;<br \/>\nO Minist\u00e9rio da Sa\u00fade anunciou no s\u00e1bado, em comunicado, o encerramento inesperado da urg\u00eancia de Obstetr\u00edcia e Ginecologia do Hospital Garcia de Orta devido \u00e0 falta de m\u00e9dicos para assegurar as escalas, obrigando \u00e0 desloca\u00e7\u00e3o das utentes para hospitais de Lisboa por inexist\u00eancia de resposta na Pen\u00ednsula de Set\u00fabal.&#13;\n<\/p>\n<p>&#13;<br \/>\nNo comunicado de s\u00e1bado,<b> a tutela recordava que a ULS Almada\/Seixal tinha garantido que estava em curso um processo de contrata\u00e7\u00e3o de m\u00e9dicos para assegurar o regular funcionamento da Urg\u00eancia de Obstetr\u00edcia e Ginecologia<\/b> e que at\u00e9 j\u00e1 tinham contratado alguns profissionais, enquanto outros estavam &#8220;em processo de contrata\u00e7\u00e3o&#8221;.&#13;\n<\/p>\n<p>&#13;<br \/>\nO Hospital Garcia de Orta tem mantido todas as escalas da Urg\u00eancia a funcionar com m\u00e9dicos do quadro, mas tamb\u00e9m com recurso a alguns prestadores de servi\u00e7os, sendo que estes \u00faltimos se mostraram agora indispon\u00edveis.&#13;\n<\/p>\n<p>&#13;<br \/>\nc\/ Lusa&#13;<\/p>\n","protected":false},"excerpt":{"rendered":"&#13; &#8220;A senhora ministra da Sa\u00fade convocou esta reuni\u00e3o com a comiss\u00e3o executiva, com os presidentes do Conselho&hellip;\n","protected":false},"author":2,"featured_media":72943,"comment_status":"","ping_status":"","sticky":false,"template":"","format":"standard","meta":{"footnotes":""},"categories":[8],"tags":[19276,27,28,19271,15,16,19273,14,25,26,21,22,12,13,19,20,19277,19272,32,23,24,33,19274,17,18,29,30,31,19275],"class_list":{"0":"post-72942","1":"post","2":"type-post","3":"status-publish","4":"format-standard","5":"has-post-thumbnail","7":"category-principais-noticias","8":"tag-bernardo","9":"tag-breaking-news","10":"tag-breakingnews","11":"tag-correia-azevedo-uls-almada-seixal-teresa-xavier-uls","12":"tag-featured-news","13":"tag-featurednews","14":"tag-garcia-orta","15":"tag-headlines","16":"tag-latest-news","17":"tag-latestnews","18":"tag-main-news","19":"tag-mainnews","20":"tag-news","21":"tag-noticias","22":"tag-noticias-principais","23":"tag-noticiasprincipais","24":"tag-peninsula","25":"tag-pombo-uls","26":"tag-portugal","27":"tag-principais-noticias","28":"tag-principaisnoticias","29":"tag-pt","30":"tag-senhora-rosario","31":"tag-top-stories","32":"tag-topstories","33":"tag-ultimas","34":"tag-ultimas-noticias","35":"tag-ultimasnoticias","36":"tag-urgencia-obstetricia"},"share_on_mastodon":{"url":"","error":""},"_links":{"self":[{"href":"https:\/\/www.europesays.com\/pt\/wp-json\/wp\/v2\/posts\/72942","targetHints":{"allow":["GET"]}}],"collection":[{"href":"https:\/\/www.europesays.com\/pt\/wp-json\/wp\/v2\/posts"}],"about":[{"href":"https:\/\/www.europesays.com\/pt\/wp-json\/wp\/v2\/types\/post"}],"author":[{"embeddable":true,"href":"https:\/\/www.europesays.com\/pt\/wp-json\/wp\/v2\/users\/2"}],"replies":[{"embeddable":true,"href":"https:\/\/www.europesays.com\/pt\/wp-json\/wp\/v2\/comments?post=72942"}],"version-history":[{"count":0,"href":"https:\/\/www.europesays.com\/pt\/wp-json\/wp\/v2\/posts\/72942\/revisions"}],"wp:featuredmedia":[{"embeddable":true,"href":"https:\/\/www.europesays.com\/pt\/wp-json\/wp\/v2\/media\/72943"}],"wp:attachment":[{"href":"https:\/\/www.europesays.com\/pt\/wp-json\/wp\/v2\/media?parent=72942"}],"wp:term":[{"taxonomy":"category","embeddable":true,"href":"https:\/\/www.europesays.com\/pt\/wp-json\/wp\/v2\/categories?post=72942"},{"taxonomy":"post_tag","embeddable":true,"href":"https:\/\/www.europesays.com\/pt\/wp-json\/wp\/v2\/tags?post=72942"}],"curies":[{"name":"wp","href":"https:\/\/api.w.org\/{rel}","templated":true}]}}