{"id":72948,"date":"2025-09-15T21:41:16","date_gmt":"2025-09-15T21:41:16","guid":{"rendered":"https:\/\/www.europesays.com\/pt\/72948\/"},"modified":"2025-09-15T21:41:16","modified_gmt":"2025-09-15T21:41:16","slug":"alexandra-da-dicas-a-pretendente-de-flavio-tem-de-comer-entre-2-horas-e-meia-a-3","status":"publish","type":"post","link":"https:\/\/www.europesays.com\/pt\/72948\/","title":{"rendered":"Alexandra d\u00e1 dicas a pretendente de Fl\u00e1vio: &#8220;Tem de comer entre 2 horas e meia a 3&#8221;"},"content":{"rendered":"<p>Em\u00a0<a href=\"https:\/\/sic.pt\/programas\/casados-a-primeira-vista-segundas-nupcias\/videos\" target=\"_blank\" rel=\"nofollow noopener\">&#8216;Casados \u00e0 Primeira Vista &#8211; Segundas N\u00fapcias&#8217;<\/a>,\u00a0<strong>Alexandr<\/strong>a vai conhecer primeiro a pretendente de <a href=\"https:\/\/sic.pt\/programas\/casados-a-primeira-vista-segundas-nupcias\/noivos\/2025-08-19-flavio-09449934\" target=\"_blank\" rel=\"noopener noreferrer nofollow\"><strong>Fl\u00e1vio<\/strong><strong>.<\/strong><\/a><\/p>\n<p>J\u00e1 conhecedora de h\u00e1bitos e prefer\u00eancias do novo noivo, <strong>Alexandra est\u00e1 disposta a partilhar dicas precisosas.<\/strong><\/p>\n<blockquote><p>&#8220;Vou ser a sogra?!&#8221;<\/p><\/blockquote>\n<p>Nicole vem disposta a conquistar o &#8220;riquinho&#8221; que conquistou o cora\u00e7\u00e3o dos portugueses.<\/p>\n<p>A pretendente fica a saber que vai partilhar a Vila com a ex-mulher do seu noivo.<\/p>\n<p>Ser\u00e1 que vai correr bem?<\/p>\n<p><strong>Veja o que aconteceu no v\u00eddeo acima.<\/strong><\/p>\n<p>O\u00a0amor merece uma segunda oportunidade! Numa grande casa de f\u00e9rias, antigos participantes de\u00a0<a href=\"https:\/\/sic.pt\/programas\/casados-a-primeira-vista\/temporada-5\" target=\"_blank\" rel=\"nofollow noopener\">&#8216;Casados \u00e0 Primeira Vista&#8217;<\/a>\u00a0re\u00fanem-se e vivem juntos uma nova aventura. O que t\u00eam em comum? As suas rela\u00e7\u00f5es n\u00e3o deram certo e continuam solteiros.<\/p>\n<p><a href=\"https:\/\/sic.pt\/caras-sic\/diana-chaves\/2025-05-21-diana-chaves-062fe147\" target=\"_blank\" rel=\"noopener noreferrer nofollow\"><strong>Diana Chaves<\/strong>\u00a0<\/a>\u00e9 a anfitri\u00e3 de<a href=\"https:\/\/sic.pt\/programas\/casados-a-primeira-vista-segundas-nupcias\/videos\" target=\"_blank\" rel=\"nofollow noopener\">\u00a0&#8216;Casados \u00e0 Primeira Vista &#8211; Segundas N\u00fapcias&#8217;<\/a>, um formato que promete conquistar os portugueses.<\/p>\n","protected":false},"excerpt":{"rendered":"Em\u00a0&#8216;Casados \u00e0 Primeira Vista &#8211; Segundas N\u00fapcias&#8217;,\u00a0Alexandra vai conhecer primeiro a pretendente de Fl\u00e1vio. J\u00e1 conhecedora de h\u00e1bitos&hellip;\n","protected":false},"author":2,"featured_media":72949,"comment_status":"","ping_status":"","sticky":false,"template":"","format":"standard","meta":{"footnotes":""},"categories":[142],"tags":[114,115,32,33,151],"class_list":{"0":"post-72948","1":"post","2":"type-post","3":"status-publish","4":"format-standard","5":"has-post-thumbnail","7":"category-tv","8":"tag-entertainment","9":"tag-entretenimento","10":"tag-portugal","11":"tag-pt","12":"tag-tv"},"share_on_mastodon":{"url":"","error":""},"_links":{"self":[{"href":"https:\/\/www.europesays.com\/pt\/wp-json\/wp\/v2\/posts\/72948","targetHints":{"allow":["GET"]}}],"collection":[{"href":"https:\/\/www.europesays.com\/pt\/wp-json\/wp\/v2\/posts"}],"about":[{"href":"https:\/\/www.europesays.com\/pt\/wp-json\/wp\/v2\/types\/post"}],"author":[{"embeddable":true,"href":"https:\/\/www.europesays.com\/pt\/wp-json\/wp\/v2\/users\/2"}],"replies":[{"embeddable":true,"href":"https:\/\/www.europesays.com\/pt\/wp-json\/wp\/v2\/comments?post=72948"}],"version-history":[{"count":0,"href":"https:\/\/www.europesays.com\/pt\/wp-json\/wp\/v2\/posts\/72948\/revisions"}],"wp:featuredmedia":[{"embeddable":true,"href":"https:\/\/www.europesays.com\/pt\/wp-json\/wp\/v2\/media\/72949"}],"wp:attachment":[{"href":"https:\/\/www.europesays.com\/pt\/wp-json\/wp\/v2\/media?parent=72948"}],"wp:term":[{"taxonomy":"category","embeddable":true,"href":"https:\/\/www.europesays.com\/pt\/wp-json\/wp\/v2\/categories?post=72948"},{"taxonomy":"post_tag","embeddable":true,"href":"https:\/\/www.europesays.com\/pt\/wp-json\/wp\/v2\/tags?post=72948"}],"curies":[{"name":"wp","href":"https:\/\/api.w.org\/{rel}","templated":true}]}}