{"id":72950,"date":"2025-09-15T21:43:16","date_gmt":"2025-09-15T21:43:16","guid":{"rendered":"https:\/\/www.europesays.com\/pt\/72950\/"},"modified":"2025-09-15T21:43:16","modified_gmt":"2025-09-15T21:43:16","slug":"the-batman-james-gunn-revela-se-filme-fara-parte-do-novo-dcu","status":"publish","type":"post","link":"https:\/\/www.europesays.com\/pt\/72950\/","title":{"rendered":"The Batman: James Gunn revela se filme far\u00e1 parte do novo DCU"},"content":{"rendered":"<p>  <img width=\"76\" height=\"40\"   alt=\"Capa da Publica\u00e7\u00e3o\" class=\"article-cover__image\"\/><\/p>\n<p class=\"post__tagline\">Logo do Battinson foi visto no set do DCU<\/p>\n<p>Ap\u00f3s o logo do <a href=\"https:\/\/www.legiaodosherois.com.br\/2025\/cara-de-barro-logo-de-batman-de-robert-pattinson-e-visto-no-set.html\" target=\"_blank\" rel=\"noopener nofollow\"><strong>Batman<\/strong> de <strong>Robert Pattinson<\/strong> ser visto nas grava\u00e7\u00f5es de <strong>Cara de Barro<\/strong><\/a>, e as especula\u00e7\u00f5es sobre o futuro do her\u00f3i no DCU, <strong>James Gunn<\/strong> se pronunciou sobre o assunto.<\/p>\n<p>No <a href=\"https:\/\/www.threads.com\/@jamesgunn\/post\/DOhE8A-EZDr?xmt=AQF0ZGdmYxRSWNpTnOQc4C56m5BtK9T_8nIjH6oYg3yinA\" target=\"_blank\" rel=\"noopener nofollow\">Threads<\/a>, um f\u00e3 perguntou se o s\u00edmbolo do Homem Morcego significava o futuro de <strong>The Batman<\/strong> seria migrar para o DCU, mas o diretor deu a entender que n\u00e3o sabe de nada.<\/p>\n<blockquote>\n<p>\u201cApesar da lata de lixo ser do set eu n\u00e3o acredito que o morcego foi colocado ali pelo departamento de arte, mas, se sim, isso nunca passou pela minha mesa (eu n\u00e3o tenho tempo para dar o ok de cada pe\u00e7a de decora\u00e7\u00e3o)\u201d.<\/p>\n<\/blockquote>\n<p>Ou seja, se existem planos do Battinson entrar no canon do novo DCU, ainda n\u00e3o est\u00e1 no momento de revelar essa not\u00edcia para o mundo.<\/p>\n<p><img fetchpriority=\"high\" decoding=\"async\" aria-describedby=\"caption-attachment-869653\" class=\"wp-image-869653 size-full lazyload\" alt=\"\" width=\"1200\" height=\"628\" \/><\/p>\n<p id=\"caption-attachment-869653\" class=\"wp-caption-text\">Logo do Batman visto nas grava\u00e7\u00f5es de Cara de Barro<\/p>\n<p>A trama de Cara de Barro seguir\u00e1\u00a0<b>Hagen<\/b>, um ator cuja face \u00e9 desfigurada por um gangster, levando-o a buscar uma solu\u00e7\u00e3o cient\u00edfica que resulta em sua transforma\u00e7\u00e3o no personagem.<\/p>\n<p>Com classifica\u00e7\u00e3o para maiores de 18 anos,\u00a0<b>Cara de Barro<\/b>\u00a0promete ser uma experi\u00eancia intensa e psicol\u00f3gica, diferente de tudo que os f\u00e3s da DC j\u00e1 viram nos cinemas.<\/p>\n<p>Estrelado por\u00a0<b>Tom Rhys Harries<\/b>, o filme \u00e9 dirigido por\u00a0<b>James Watkins<\/b>\u00a0e tem roteiro de\u00a0<b>Mike Flanagan<\/b>\u00a0e\u00a0<b>Hossein Amini<\/b>. A estreia est\u00e1 prevista para\u00a0<b>setembro de 2026<\/b>.<\/p>\n","protected":false},"excerpt":{"rendered":"Logo do Battinson foi visto no set do DCU Ap\u00f3s o logo do Batman de Robert Pattinson ser&hellip;\n","protected":false},"author":2,"featured_media":72951,"comment_status":"","ping_status":"","sticky":false,"template":"","format":"standard","meta":{"footnotes":""},"categories":[140],"tags":[114,115,147,148,15714,146,32,33],"class_list":{"0":"post-72950","1":"post","2":"type-post","3":"status-publish","4":"format-standard","5":"has-post-thumbnail","7":"category-filmes","8":"tag-entertainment","9":"tag-entretenimento","10":"tag-film","11":"tag-filmes","12":"tag-lobo","13":"tag-movies","14":"tag-portugal","15":"tag-pt"},"share_on_mastodon":{"url":"","error":""},"_links":{"self":[{"href":"https:\/\/www.europesays.com\/pt\/wp-json\/wp\/v2\/posts\/72950","targetHints":{"allow":["GET"]}}],"collection":[{"href":"https:\/\/www.europesays.com\/pt\/wp-json\/wp\/v2\/posts"}],"about":[{"href":"https:\/\/www.europesays.com\/pt\/wp-json\/wp\/v2\/types\/post"}],"author":[{"embeddable":true,"href":"https:\/\/www.europesays.com\/pt\/wp-json\/wp\/v2\/users\/2"}],"replies":[{"embeddable":true,"href":"https:\/\/www.europesays.com\/pt\/wp-json\/wp\/v2\/comments?post=72950"}],"version-history":[{"count":0,"href":"https:\/\/www.europesays.com\/pt\/wp-json\/wp\/v2\/posts\/72950\/revisions"}],"wp:featuredmedia":[{"embeddable":true,"href":"https:\/\/www.europesays.com\/pt\/wp-json\/wp\/v2\/media\/72951"}],"wp:attachment":[{"href":"https:\/\/www.europesays.com\/pt\/wp-json\/wp\/v2\/media?parent=72950"}],"wp:term":[{"taxonomy":"category","embeddable":true,"href":"https:\/\/www.europesays.com\/pt\/wp-json\/wp\/v2\/categories?post=72950"},{"taxonomy":"post_tag","embeddable":true,"href":"https:\/\/www.europesays.com\/pt\/wp-json\/wp\/v2\/tags?post=72950"}],"curies":[{"name":"wp","href":"https:\/\/api.w.org\/{rel}","templated":true}]}}