{"id":72954,"date":"2025-09-15T21:45:10","date_gmt":"2025-09-15T21:45:10","guid":{"rendered":"https:\/\/www.europesays.com\/pt\/72954\/"},"modified":"2025-09-15T21:45:10","modified_gmt":"2025-09-15T21:45:10","slug":"enxaqueca-na-pediatria-portal-afya","status":"publish","type":"post","link":"https:\/\/www.europesays.com\/pt\/72954\/","title":{"rendered":"Enxaqueca na pediatria &#8211; Portal Afya"},"content":{"rendered":"<p>A enxaqueca constitui uma forma de cefaleia prim\u00e1ria frequentemente observada na faixa et\u00e1ria pedi\u00e1trica. No entanto, permanece subdiagnosticada, possivelmente em decorr\u00eancia de sua apresenta\u00e7\u00e3o frequentemente at\u00edpica nessa popula\u00e7\u00e3o.\u00a0<\/p>\n<p><img loading=\"lazy\" decoding=\"async\" width=\"1096\" height=\"616\" src=\"https:\/\/www.europesays.com\/pt\/wp-content\/uploads\/2025\/09\/Stock_Firefly_98641_widescreen_1757945547269-1.jpeg\" class=\"attachment-full size-full wp-post-image\" alt=\"\"  \/><\/p>\n<p><b>Desenho de estudo<\/b>\u00a0<\/p>\n<p>Neste contexto, foi realizada uma revis\u00e3o narrativa estruturada sobre enxaqueca na pediatria visando abordar dados epidemiol\u00f3gicos, diagn\u00f3stico, comorbidades e manejo.\u00a0\u00a0<\/p>\n<p>Para isso, bases de dados eletr\u00f4nicas como o PubMed, Scopus e Web of Science foram utilizadas, sendo selecionados artigos publicados entre janeiro de 2010 e mar\u00e7o de 2024, publicados em ingl\u00eas, revisados por pares e que abordassem a cefaleia em crian\u00e7as e adolescentes.\u00a0\u00a0<\/p>\n<p><b>Resultados e Discuss\u00e3o<\/b>\u00a0<\/p>\n<p class=\"content-paywall\">A enxaqueca, tamb\u00e9m conhecida como migr\u00e2nea, apresenta gatilhos ambientais e comportamentais, os quais influenciam na frequ\u00eancia e gravidade das crises.\u00a0\u00a0<\/p>\n<p class=\"content-paywall\">No que concerne aos aspectos epidemiol\u00f3gicos, a enxaqueca na pediatria \u00e9 mais prevalente no sexo feminino e apresenta preval\u00eancia global variando de 7,7 a 17%, tendo aumentado nos \u00faltimos anos. Tal incremento pode estar associado ao aumento do tempo de exposi\u00e7\u00e3o a telas por meio das redes sociais, por exemplo. Isso porque, induz esfor\u00e7o visual e compromete os ritmos circadianos. Estresse, higiene do sono inadequada e processos al\u00e9rgicos tamb\u00e9m s\u00e3o contribuintes para as crises.\u00a0\u00a0<\/p>\n<p class=\"content-paywall\">A manifesta\u00e7\u00e3o cl\u00ednica frequentemente se manifesta com sintomas at\u00edpicos como desconforto abdominal, tontura ou altera\u00e7\u00f5es do humor. Neste cen\u00e1rio, comumente o diagn\u00f3stico correto n\u00e3o \u00e9 realizado pela falta de suspei\u00e7\u00e3o.\u00a0<\/p>\n<p class=\"content-paywall\">Neste cen\u00e1rio, preencher as lacunas quanto ao reconhecimento da enxaqueca pedi\u00e1trica, implicar\u00e1 no melhor manejo. Sendo assim, aplicar crit\u00e9rios diagn\u00f3sticos de adultos a crian\u00e7as n\u00e3o deve ser uma pr\u00e1tica rotineira, tendo em vista as particularidades da apresenta\u00e7\u00e3o na inf\u00e2ncia.\u00a0\u00a0<\/p>\n<p class=\"content-paywall\">Logo, diretrizes claras, atualizadas e baseadas em evid\u00eancias sobre a migr\u00e2nea na pediatria s\u00e3o essenciais, assim como o reconhecimento dos seus gatilhos tendo em vista que se n\u00e3o evitados, podem contribuir para a cronicidade da dor. No que se refere aos exames complementares, estes n\u00e3o devem ser solicitados de modo indiscriminado, sendo indicados na presen\u00e7a de sinais de alarme.\u00a0<\/p>\n<p class=\"content-paywall\">Cabe destacar ainda, que a conscientiza\u00e7\u00e3o familiar e da escola tamb\u00e9m \u00e9 crucial tendo em vista o impacto de tal acometimento na sa\u00fade infantil tanto no aspecto emocional como cognitivo. Dist\u00farbios gastrointestinais, ansiedade, depress\u00e3o e absente\u00edsmo escolar podem ser observados em fun\u00e7\u00e3o da dor. Portanto, valorizar as queixas da crian\u00e7a e evitar estigmatiza\u00e7\u00e3o dos seus sintomas auxilia no enfrentamento da condi\u00e7\u00e3o.\u00a0<\/p>\n<p class=\"content-paywall\">No que concerne ao manejo, al\u00e9m da abordagem farmacol\u00f3gica e de assegurar o acesso a cuidados de qualidade, recomenda-se a implementa\u00e7\u00e3o de medidas comportamentais, como higiene do sono adequada, pr\u00e1tica regular de atividade f\u00edsica, reeduca\u00e7\u00e3o alimentar e redu\u00e7\u00e3o do tempo de exposi\u00e7\u00e3o a telas.\u00a0<\/p>\n<p class=\"content-paywall\"><strong>Saiba mais:<\/strong> <a href=\"https:\/\/portal.afya.com.br\/neurologia\/diretrizes-atualizadas-sobre-prevencao-da-enxaqueca-em-criancas-e-adolescentes\" rel=\"nofollow noopener\" target=\"_blank\">Diretrizes atualizadas sobre preven\u00e7\u00e3o da enxaqueca em crian\u00e7as e adolescentes<\/a><\/p>\n<p><b>Conclus\u00e3o<\/b>\u00a0<\/p>\n<p class=\"content-paywall\">A revis\u00e3o em an\u00e1lise destacou as peculiaridades cl\u00ednicas e a morbidade associada \u00e0 enxaqueca na popula\u00e7\u00e3o pedi\u00e1trica, refor\u00e7ando a necessidade de maior capacita\u00e7\u00e3o dos profissionais de sa\u00fade para o seu reconhecimento e manejo adequado. Ressaltou ainda a\u00a0 import\u00e2ncia da abordagem integral ao paciente, que combine estrat\u00e9gias farmacol\u00f3gicas, interven\u00e7\u00f5es voltadas \u00e0 modifica\u00e7\u00e3o do estilo de vida e aten\u00e7\u00e3o interdisciplinar, visando otimizar os desfechos cl\u00ednicos e a qualidade de vida das crian\u00e7as afetadas.\u00a0<\/p>\n","protected":false},"excerpt":{"rendered":"A enxaqueca constitui uma forma de cefaleia prim\u00e1ria frequentemente observada na faixa et\u00e1ria pedi\u00e1trica. No entanto, permanece subdiagnosticada,&hellip;\n","protected":false},"author":2,"featured_media":72955,"comment_status":"","ping_status":"","sticky":false,"template":"","format":"standard","meta":{"footnotes":""},"categories":[86],"tags":[116,32,33,117],"class_list":{"0":"post-72954","1":"post","2":"type-post","3":"status-publish","4":"format-standard","5":"has-post-thumbnail","7":"category-saude","8":"tag-health","9":"tag-portugal","10":"tag-pt","11":"tag-saude"},"share_on_mastodon":{"url":"","error":""},"_links":{"self":[{"href":"https:\/\/www.europesays.com\/pt\/wp-json\/wp\/v2\/posts\/72954","targetHints":{"allow":["GET"]}}],"collection":[{"href":"https:\/\/www.europesays.com\/pt\/wp-json\/wp\/v2\/posts"}],"about":[{"href":"https:\/\/www.europesays.com\/pt\/wp-json\/wp\/v2\/types\/post"}],"author":[{"embeddable":true,"href":"https:\/\/www.europesays.com\/pt\/wp-json\/wp\/v2\/users\/2"}],"replies":[{"embeddable":true,"href":"https:\/\/www.europesays.com\/pt\/wp-json\/wp\/v2\/comments?post=72954"}],"version-history":[{"count":0,"href":"https:\/\/www.europesays.com\/pt\/wp-json\/wp\/v2\/posts\/72954\/revisions"}],"wp:featuredmedia":[{"embeddable":true,"href":"https:\/\/www.europesays.com\/pt\/wp-json\/wp\/v2\/media\/72955"}],"wp:attachment":[{"href":"https:\/\/www.europesays.com\/pt\/wp-json\/wp\/v2\/media?parent=72954"}],"wp:term":[{"taxonomy":"category","embeddable":true,"href":"https:\/\/www.europesays.com\/pt\/wp-json\/wp\/v2\/categories?post=72954"},{"taxonomy":"post_tag","embeddable":true,"href":"https:\/\/www.europesays.com\/pt\/wp-json\/wp\/v2\/tags?post=72954"}],"curies":[{"name":"wp","href":"https:\/\/api.w.org\/{rel}","templated":true}]}}