{"id":72962,"date":"2025-09-15T21:51:15","date_gmt":"2025-09-15T21:51:15","guid":{"rendered":"https:\/\/www.europesays.com\/pt\/72962\/"},"modified":"2025-09-15T21:51:15","modified_gmt":"2025-09-15T21:51:15","slug":"jose-mota-de-saida-do-comando-do-avs","status":"publish","type":"post","link":"https:\/\/www.europesays.com\/pt\/72962\/","title":{"rendered":"Jos\u00e9 Mota de sa\u00edda do comando do AVS"},"content":{"rendered":"<p>Eis a primeira \u00abchicotada\u00bb na Liga. Depois de cinco jornadas decorridas, Jos\u00e9 Mota vai deixar o comando t\u00e9cnico do AVS, confirmou o\u00a0<strong>Maisfutebol<\/strong>.<\/p>\n<p>O treinador de 61 anos n\u00e3o resistiu aos maus resultados neste in\u00edcio da temporada e acabou por ser demitido ap\u00f3s quatro derrotas e um empate, deixando a forma\u00e7\u00e3o da Vila das Aves no 17.\u00ba lugar da classifica\u00e7\u00e3o.<\/p>\n<p>O <a href=\"https:\/\/maisfutebol.iol.pt\/jogo\/estoril\/avs\/13828268\" target=\"_blank\" rel=\"nofollow noopener\">desaire frente ao Estoril por 3-1<\/a> foi a \u00abgota de \u00e1gua\u00bb para a dire\u00e7\u00e3o, mesmo com Jos\u00e9 Mota a ser muito cr\u00edtico para com a sua equipa no final do encontro.<\/p>\n<p>\u00abN\u00e3o pode de forma alguma acontecer aquele momento, por exemplo,\u00a0do primeiro golo, em que \u00e0 entrada da \u00e1rea, o jogador parecia o Maradona\u00a0e leva, portanto, a bola como quer e lhe apetece e finaliza para fazer um golo.\u00a0Foi uma passividade incr\u00edvel. N\u00e3o pode acontecer na primeira liga, na segunda, nem na terceira. Portanto, \u00e9 incr\u00edvel. Acho que houve demasiada infantilidade nesse tipo de abordagem\u00bb, disse na Flash Interview da Sport TV.<\/p>\n<p>Jos\u00e9 Mota foi contratado no final da \u00faltima temporada e conseguiu salvar o AVS da despromo\u00e7\u00e3o, depois de eliminar o Vizela no play-off.<\/p>\n<p>Nesta breve passagem pela Vila das Aves, o t\u00e9cnico conseguiu apenas dois triunfos em nove jogos.<\/p>\n","protected":false},"excerpt":{"rendered":"Eis a primeira \u00abchicotada\u00bb na Liga. Depois de cinco jornadas decorridas, Jos\u00e9 Mota vai deixar o comando t\u00e9cnico&hellip;\n","protected":false},"author":2,"featured_media":72963,"comment_status":"","ping_status":"","sticky":false,"template":"","format":"standard","meta":{"footnotes":""},"categories":[8],"tags":[19283,10126,27,28,15,16,14,19282,25,26,36,21,22,46,42,12,13,19,20,32,23,24,33,47,17,18,35,2710,29,30,31],"class_list":{"0":"post-72962","1":"post","2":"type-post","3":"status-publish","4":"format-standard","5":"has-post-thumbnail","7":"category-principais-noticias","8":"tag-afs","9":"tag-avs","10":"tag-breaking-news","11":"tag-breakingnews","12":"tag-featured-news","13":"tag-featurednews","14":"tag-headlines","15":"tag-jose-mota","16":"tag-latest-news","17":"tag-latestnews","18":"tag-liga","19":"tag-main-news","20":"tag-mainnews","21":"tag-maisfutebol","22":"tag-mercado","23":"tag-news","24":"tag-noticias","25":"tag-noticias-principais","26":"tag-noticiasprincipais","27":"tag-portugal","28":"tag-principais-noticias","29":"tag-principaisnoticias","30":"tag-pt","31":"tag-pura-paixao","32":"tag-top-stories","33":"tag-topstories","34":"tag-transferencias","35":"tag-treinador","36":"tag-ultimas","37":"tag-ultimas-noticias","38":"tag-ultimasnoticias"},"share_on_mastodon":{"url":"","error":""},"_links":{"self":[{"href":"https:\/\/www.europesays.com\/pt\/wp-json\/wp\/v2\/posts\/72962","targetHints":{"allow":["GET"]}}],"collection":[{"href":"https:\/\/www.europesays.com\/pt\/wp-json\/wp\/v2\/posts"}],"about":[{"href":"https:\/\/www.europesays.com\/pt\/wp-json\/wp\/v2\/types\/post"}],"author":[{"embeddable":true,"href":"https:\/\/www.europesays.com\/pt\/wp-json\/wp\/v2\/users\/2"}],"replies":[{"embeddable":true,"href":"https:\/\/www.europesays.com\/pt\/wp-json\/wp\/v2\/comments?post=72962"}],"version-history":[{"count":0,"href":"https:\/\/www.europesays.com\/pt\/wp-json\/wp\/v2\/posts\/72962\/revisions"}],"wp:featuredmedia":[{"embeddable":true,"href":"https:\/\/www.europesays.com\/pt\/wp-json\/wp\/v2\/media\/72963"}],"wp:attachment":[{"href":"https:\/\/www.europesays.com\/pt\/wp-json\/wp\/v2\/media?parent=72962"}],"wp:term":[{"taxonomy":"category","embeddable":true,"href":"https:\/\/www.europesays.com\/pt\/wp-json\/wp\/v2\/categories?post=72962"},{"taxonomy":"post_tag","embeddable":true,"href":"https:\/\/www.europesays.com\/pt\/wp-json\/wp\/v2\/tags?post=72962"}],"curies":[{"name":"wp","href":"https:\/\/api.w.org\/{rel}","templated":true}]}}