{"id":72982,"date":"2025-09-15T22:05:17","date_gmt":"2025-09-15T22:05:17","guid":{"rendered":"https:\/\/www.europesays.com\/pt\/72982\/"},"modified":"2025-09-15T22:05:17","modified_gmt":"2025-09-15T22:05:17","slug":"chefe-do-governo-espanhol-elogia-manifestantes-que-interromperam-volta-a-espanha","status":"publish","type":"post","link":"https:\/\/www.europesays.com\/pt\/72982\/","title":{"rendered":"Chefe do Governo espanhol elogia manifestantes que interromperam Volta a Espanha"},"content":{"rendered":"<p>O chefe de Governo espanhol reiterou esta segunda-feira \u201cprofunda admira\u00e7\u00e3o pela sociedade civil espanhola, que se mobiliza contra a injusti\u00e7a\u201d, um dia depois de os protestos pr\u00f3-palestinianos em Madrid interromperem o final da Volta a Espanha.<\/p>\n<p>Pedro S\u00e1nchez defendeu que Israel n\u00e3o deve participar em nenhuma competi\u00e7\u00e3o desportiva internacional \u201cenquanto a barb\u00e1rie continuar\u201d em Gaza.\u00a0<\/p>\n<p>\u201cN\u00f3s, claro, sempre rejeit\u00e1mos a viol\u00eancia. Isso \u00e9 \u00f3bvio. Sempre rejeit\u00e1mos. Sentimos, como disse, uma profunda admira\u00e7\u00e3o e respeito pelos nossos atletas, pelos ciclistas da Volta a Espanha\u201d, esclareceu o chefe de Governo espanhol depois de milhares de manifestantes terem invadido o percurso no cora\u00e7\u00e3o de Madrid e for\u00e7ado a anula\u00e7\u00e3o da \u00faltima etapa da prova.\u00a0<\/p>\n<p>No entanto, o primeiro-ministro socialista acrescentou sentir \u201cimenso respeito e admira\u00e7\u00e3o por uma sociedade civil espanhola que se mobiliza contra a injusti\u00e7a e defende as suas convic\u00e7\u00f5es de forma pac\u00edfica\u201d.<\/p>\n<p>No domingo, a etapa final da \u2018Vuelta\u2019, um dos eventos desportivos mais importantes do pa\u00eds, foi interrompida apesar do aumento das medidas de seguran\u00e7a na capital e de um envio sem precedentes de for\u00e7as policiais.<\/p>\n<p>Dezenas de milhares de pessoas encheram o percurso com bandeiras e cartazes para denunciar o \u201cgenoc\u00eddio sionista\u201d em Gaza, levando ao fim antecipado da corrida ciclista.<\/p>\n","protected":false},"excerpt":{"rendered":"O chefe de Governo espanhol reiterou esta segunda-feira \u201cprofunda admira\u00e7\u00e3o pela sociedade civil espanhola, que se mobiliza contra&hellip;\n","protected":false},"author":2,"featured_media":72983,"comment_status":"","ping_status":"","sticky":false,"template":"","format":"standard","meta":{"footnotes":""},"categories":[8],"tags":[27,28,640,15,16,14,25,26,21,22,12,13,19,20,17553,32,23,24,33,17,18,29,30,31],"class_list":{"0":"post-72982","1":"post","2":"type-post","3":"status-publish","4":"format-standard","5":"has-post-thumbnail","7":"category-principais-noticias","8":"tag-breaking-news","9":"tag-breakingnews","10":"tag-espanha","11":"tag-featured-news","12":"tag-featurednews","13":"tag-headlines","14":"tag-latest-news","15":"tag-latestnews","16":"tag-main-news","17":"tag-mainnews","18":"tag-news","19":"tag-noticias","20":"tag-noticias-principais","21":"tag-noticiasprincipais","22":"tag-pedro-sanchez","23":"tag-portugal","24":"tag-principais-noticias","25":"tag-principaisnoticias","26":"tag-pt","27":"tag-top-stories","28":"tag-topstories","29":"tag-ultimas","30":"tag-ultimas-noticias","31":"tag-ultimasnoticias"},"share_on_mastodon":{"url":"","error":""},"_links":{"self":[{"href":"https:\/\/www.europesays.com\/pt\/wp-json\/wp\/v2\/posts\/72982","targetHints":{"allow":["GET"]}}],"collection":[{"href":"https:\/\/www.europesays.com\/pt\/wp-json\/wp\/v2\/posts"}],"about":[{"href":"https:\/\/www.europesays.com\/pt\/wp-json\/wp\/v2\/types\/post"}],"author":[{"embeddable":true,"href":"https:\/\/www.europesays.com\/pt\/wp-json\/wp\/v2\/users\/2"}],"replies":[{"embeddable":true,"href":"https:\/\/www.europesays.com\/pt\/wp-json\/wp\/v2\/comments?post=72982"}],"version-history":[{"count":0,"href":"https:\/\/www.europesays.com\/pt\/wp-json\/wp\/v2\/posts\/72982\/revisions"}],"wp:featuredmedia":[{"embeddable":true,"href":"https:\/\/www.europesays.com\/pt\/wp-json\/wp\/v2\/media\/72983"}],"wp:attachment":[{"href":"https:\/\/www.europesays.com\/pt\/wp-json\/wp\/v2\/media?parent=72982"}],"wp:term":[{"taxonomy":"category","embeddable":true,"href":"https:\/\/www.europesays.com\/pt\/wp-json\/wp\/v2\/categories?post=72982"},{"taxonomy":"post_tag","embeddable":true,"href":"https:\/\/www.europesays.com\/pt\/wp-json\/wp\/v2\/tags?post=72982"}],"curies":[{"name":"wp","href":"https:\/\/api.w.org\/{rel}","templated":true}]}}