{"id":72997,"date":"2025-09-15T22:21:11","date_gmt":"2025-09-15T22:21:11","guid":{"rendered":"https:\/\/www.europesays.com\/pt\/72997\/"},"modified":"2025-09-15T22:21:11","modified_gmt":"2025-09-15T22:21:11","slug":"gagliasso-surpreende-com-declaracao-apos-beijo-da-esposa-em-ator-sao-15-anos","status":"publish","type":"post","link":"https:\/\/www.europesays.com\/pt\/72997\/","title":{"rendered":"Gagliasso surpreende com declara\u00e7\u00e3o ap\u00f3s beijo da esposa em ator: &#8216;S\u00e3o 15 anos&#8217;"},"content":{"rendered":"<p>\n                        Ator Bruno Gagliasso rompe sil\u00eancio ap\u00f3s pol\u00eamica envolvendo Giovanna Ewbank e L\u00e9o Fuchs no anivers\u00e1rio da atriz; confira!\n                    <\/p>\n<p>\n                                                                                                                                                                                                                            15 set<br \/>\n                                    2025<br \/>\n                                     &#8211; 14h22\n                                <\/p>\n<p>\n                                                                                                            (atualizado \u00e0s 14h28)\n                                                                    <\/p>\n<p class=\"text\">No \u00faltimo domingo (14), uma foto de <strong>Giovanna Ewbank<\/strong> e <strong>L\u00e9o Fuchs<\/strong> deu o que falar nas redes sociais. \u00c9 que, apesar de serem amigos de longa data, muitos seguidores criticaram o fato dos dois surgirem dando um beijo na boca em um dos cliques compartilhados pelo ator no dia do anivers\u00e1rio da atriz.<\/p>\n<p><img loading=\"lazy\" decoding=\"async\" alt=\"Reprodu\u00e7\u00e3o\/Globo e Reprodu\u00e7\u00e3o\/nstagram\" class=\"img-5226acef939b95e6d8ea10bd5f906201pwa8ou7n\" height=\"435\" src=\"https:\/\/www.europesays.com\/pt\/wp-content\/uploads\/2025\/09\/2091454352-gagliasso-e-ewbank.jpg\"  title=\"Reprodu\u00e7\u00e3o\/Globo e Reprodu\u00e7\u00e3o\/nstagram\" width=\"774\"\/><\/p>\n<p>Reprodu\u00e7\u00e3o\/Globo e Reprodu\u00e7\u00e3o\/nstagram<\/p>\n<p>Foto: Mais Novela<\/p>\n<p class=\"text\">Em meio aos burburinhos,<strong> Bruno Gagliasso<\/strong>, marido de <strong>Giovanna Ewbank<\/strong>, surpreendeu com uma declara\u00e7\u00e3o rom\u00e2ntica para esposa, demonstrando estar tranquilo com a situa\u00e7\u00e3o. Quatro horas ap\u00f3s a publica\u00e7\u00e3o de <strong>L\u00e9o Fuchs, Gagliasso<\/strong> postou uma grava\u00e7\u00e3o do dia do casamento do casal e parabenizou a amada.<\/p>\n<p class=\"text\">&#8220;Falei, falei, falei e, mesmo assim, n\u00e3o fui capaz de encontrar todas as palavras pra descrever como amo voc\u00ea.S\u00e3o quinze anos juntos. Tr\u00eas filhos. Dois casamentos. Muitos trabalhos. Algumas viagens. E uma infinidade de coisas maravilhosas. Eu te amo daqui a eternidade. Por tudo o que voc\u00ea \u00e9, pelo o que somos juntos, pelo o que podemos ser. Nessa e nas pr\u00f3ximas vidas quero estar com voc\u00ea. De novo e de novo. Feliz anivers\u00e1rio, meu amor&#8221;, escreveu <strong>Gagliasso<\/strong>.<\/p>\n<p class=\"text\">Nos coment\u00e1rios, f\u00e3s e amigos celebraram a uni\u00e3o dos pombinhos e deixaram felicita\u00e7\u00f5es para<strong> Ewbank<\/strong>. &#8220;Que lindo, todas as mulheres merecem encontrar um Bruno na vida&#8221;; &#8220;Feliz Anivers\u00e1rio, muita sa\u00fade, paz, prosperidade realiza\u00e7\u00f5es e sucesso&#8221;; &#8220;Chorei juntos&#8221;, disseram alguns.<\/p>\n<blockquote class=\"instagram-media\" data-instgrm-captioned=\"\" data-instgrm-permalink=\"https:\/\/www.instagram.com\/reel\/DOmThHXALXp\/?utm_source=ig_embed&amp;utm_campaign=loading\" data-instgrm-version=\"14\" style=\"background: #FFF; border: 0; border-radius: 3px; box-shadow: 0 0 1px 0 rgba(0,0,0,0.5),0 1px 10px 0 rgba(0,0,0,0.15); margin: 1px; max-width: 540px; min-width: 326px; padding: 0; width: calc(100% - 2px);\">\n<p>     Ver essa foto no Instagram <\/p>\n<p class=\"text\" style=\"color: #c9c8cd; font-family: Arial,sans-serif; font-size: 14px; line-height: 17px; margin-bottom: 0; margin-top: 8px; overflow: hidden; padding: 8px 0 7px; text-align: center; text-overflow: ellipsis; white-space: nowrap;\"><a href=\"https:\/\/www.instagram.com\/reel\/DOmThHXALXp\/?utm_source=ig_embed&amp;utm_campaign=loading\" rel=\"noopener nofollow\" style=\"color: #c9c8cd; font-family: Arial,sans-serif; font-size: 14px; font-style: normal; font-weight: normal; line-height: 17px; text-decoration: none;\" target=\"_blank\">Uma publica\u00e7\u00e3o compartilhada por Bruno Gagliasso (@brunogagliasso)<\/a><\/p>\n<\/blockquote>\n<p>                            <script async src=\"\/\/www.instagram.com\/embed.js\"><\/script><\/p>\n","protected":false},"excerpt":{"rendered":"Ator Bruno Gagliasso rompe sil\u00eancio ap\u00f3s pol\u00eamica envolvendo Giovanna Ewbank e L\u00e9o Fuchs no anivers\u00e1rio da atriz; confira!&hellip;\n","protected":false},"author":2,"featured_media":72998,"comment_status":"","ping_status":"","sticky":false,"template":"","format":"standard","meta":{"footnotes":""},"categories":[145],"tags":[211,210,114,115,32,33],"class_list":{"0":"post-72997","1":"post","2":"type-post","3":"status-publish","4":"format-standard","5":"has-post-thumbnail","7":"category-celebridades","8":"tag-celebridades","9":"tag-celebrities","10":"tag-entertainment","11":"tag-entretenimento","12":"tag-portugal","13":"tag-pt"},"share_on_mastodon":{"url":"","error":""},"_links":{"self":[{"href":"https:\/\/www.europesays.com\/pt\/wp-json\/wp\/v2\/posts\/72997","targetHints":{"allow":["GET"]}}],"collection":[{"href":"https:\/\/www.europesays.com\/pt\/wp-json\/wp\/v2\/posts"}],"about":[{"href":"https:\/\/www.europesays.com\/pt\/wp-json\/wp\/v2\/types\/post"}],"author":[{"embeddable":true,"href":"https:\/\/www.europesays.com\/pt\/wp-json\/wp\/v2\/users\/2"}],"replies":[{"embeddable":true,"href":"https:\/\/www.europesays.com\/pt\/wp-json\/wp\/v2\/comments?post=72997"}],"version-history":[{"count":0,"href":"https:\/\/www.europesays.com\/pt\/wp-json\/wp\/v2\/posts\/72997\/revisions"}],"wp:featuredmedia":[{"embeddable":true,"href":"https:\/\/www.europesays.com\/pt\/wp-json\/wp\/v2\/media\/72998"}],"wp:attachment":[{"href":"https:\/\/www.europesays.com\/pt\/wp-json\/wp\/v2\/media?parent=72997"}],"wp:term":[{"taxonomy":"category","embeddable":true,"href":"https:\/\/www.europesays.com\/pt\/wp-json\/wp\/v2\/categories?post=72997"},{"taxonomy":"post_tag","embeddable":true,"href":"https:\/\/www.europesays.com\/pt\/wp-json\/wp\/v2\/tags?post=72997"}],"curies":[{"name":"wp","href":"https:\/\/api.w.org\/{rel}","templated":true}]}}