{"id":73212,"date":"2025-09-16T01:23:16","date_gmt":"2025-09-16T01:23:16","guid":{"rendered":"https:\/\/www.europesays.com\/pt\/73212\/"},"modified":"2025-09-16T01:23:16","modified_gmt":"2025-09-16T01:23:16","slug":"conheca-a-casa-em-forma-de-barco-de-frank-lloyd-wright","status":"publish","type":"post","link":"https:\/\/www.europesays.com\/pt\/73212\/","title":{"rendered":"Conhe\u00e7a a casa em forma de barco de Frank Lloyd Wright"},"content":{"rendered":"<p>N\u00e3o \u00e9 apenas uma <strong><a href=\"https:\/\/nautica.com.br\/homem-constroi-casa-barco-acre\/\" rel=\"nofollow noopener\" target=\"_blank\">casa em formato de barco<\/a><\/strong>: \u00e9 uma casa em formato de barco projetada por Frank Lloyd Wright, eleito o maior arquiteto americano de todos os tempos pelo Instituto Americano de Arquitetos. O projeto, tombado, \u00e9 chamado de Spring House (ou \u201cCasa Primavera\u201d, em portugu\u00eas) e est\u00e1 \u00e0 venda por R$ 11,4 milh\u00f5es \u2014 embora precise de uma boa reforma.<\/p>\n<p>Constru\u00edda em 1954, a casa de 180 m\u00b2 fica em Tallahassee, capital da Fl\u00f3rida, nos <strong><a href=\"https:\/\/nautica.com.br\/novo-rebocador-eletrico-la\/\" rel=\"nofollow noopener\" target=\"_blank\">Estados Unidos<\/a><\/strong>. Seu design curvo \u00e9 tido por historiadores da arquitetura como uma das fases estil\u00edsticas finais e mais raras do emblem\u00e1tico arquiteto estadunidense, que faleceu em 1959, aos 92 anos.<\/p>\n<p><img loading=\"lazy\" decoding=\"async\" class=\"size-full wp-image-188349 lazyload\" src=\"https:\/\/www.europesays.com\/pt\/wp-content\/uploads\/2025\/09\/casa-barco-5.jpg\" alt=\"\" width=\"920\" height=\"613\"  data- style=\"--smush-placeholder-width: 920px; --smush-placeholder-aspect-ratio: 920\/613;\"\/>Foto: Nancy O\u2019Brien Sunlight \/ NAI TALCOR \/ Divulga\u00e7\u00e3o<\/p>\n<p>N\u00e3o \u00e0 toa, a <strong><a href=\"https:\/\/nautica.com.br\/tunel-submerso-navegantes-itajai\/\" rel=\"nofollow noopener\" target=\"_blank\">obra<\/a> <\/strong>que foge do comum lhe rendeu um lugar no Registro Nacional de Lugares Hist\u00f3ricos em 1979, apenas 25 anos depois de sua constru\u00e7\u00e3o \u2014 fato que agrega ainda mais valor ao im\u00f3vel.<\/p>\n<p>Por dentro da casa<\/p>\n<p>A <strong><a href=\"https:\/\/nautica.com.br\/tipos-de-proa-funcoes\/\" rel=\"nofollow noopener\" target=\"_blank\">proa<\/a> <\/strong>evidente e as janelas em forma de escotilhas renderam \u00e0 casa em formato de barco o apelido de \u201cnavio na floresta\u201d, j\u00e1 que tamb\u00e9m est\u00e1 cercada pela natureza.<\/p>\n<p><img loading=\"lazy\" decoding=\"async\" class=\"size-full wp-image-188347 lazyload\" src=\"https:\/\/www.europesays.com\/pt\/wp-content\/uploads\/2025\/09\/casa-barco-3.jpg\" alt=\"\" width=\"920\" height=\"613\"  data- style=\"--smush-placeholder-width: 920px; --smush-placeholder-aspect-ratio: 920\/613;\"\/>Foto: Nancy O\u2019Brien Sunlight \/ NAI TALCOR \/ Divulga\u00e7\u00e3o<\/p>\n<p>Os espa\u00e7os s\u00e3o divididos em dois <strong><a href=\"https:\/\/nautica.com.br\/conheca-5-maiores-peixes-mundo\/\" rel=\"nofollow noopener\" target=\"_blank\">andares<\/a><\/strong>, com direito a tr\u00eas quartos. Destaque para a cozinha, banheiros e m\u00f3veis planejados, incluindo um longo banco da sala de estar e uma mesa de jantar, que s\u00e3o originais.<\/p>\n<p><img loading=\"lazy\" decoding=\"async\" class=\"size-full wp-image-188351 lazyload\" src=\"https:\/\/www.europesays.com\/pt\/wp-content\/uploads\/2025\/09\/casa-barco-7.jpg\" alt=\"\" width=\"920\" height=\"613\"  data- style=\"--smush-placeholder-width: 920px; --smush-placeholder-aspect-ratio: 920\/613;\"\/>Foto: Nancy O\u2019Brien Sunlight \/ NAI TALCOR \/ Divulga\u00e7\u00e3o<\/p>\n<p>Wright ficou conhecido por criar projetos individuais, constru\u00eddos de acordo com a localiza\u00e7\u00e3o e finalidade. Assim, n\u00e3o surpreende o fato de a Spring House ser rodeada de grandes janelas que agregam ao ambiente uma ampla entrada de ilumina\u00e7\u00e3o natural.<\/p>\n<p><img loading=\"lazy\" decoding=\"async\" class=\"wp-image-188348 size-full lazyload\" src=\"https:\/\/www.europesays.com\/pt\/wp-content\/uploads\/2025\/09\/casa-barco-4.jpg\" alt=\"\" width=\"920\" height=\"613\"  data- style=\"--smush-placeholder-width: 920px; --smush-placeholder-aspect-ratio: 920\/613;\"\/>Foto: Nancy O\u2019Brien Sunlight \/ NAI TALCOR \/ Divulga\u00e7\u00e3o<\/p>\n<p>A casa \u00e9 uma verdadeira <strong><a href=\"https:\/\/nautica.com.br\/resort-flutuante-tailandia-acessado-de-barco\/\" rel=\"nofollow noopener\" target=\"_blank\">imers\u00e3o na floresta<\/a><\/strong> \u2014 outro atributo forte dos tra\u00e7os de Wright. Isso porque o arquiteto foi uma figura-chave da arquitetura org\u00e2nica, que busca promover a harmonia entre a habita\u00e7\u00e3o humana e a natureza. Essa pitada especial tamb\u00e9m est\u00e1 presente nas cores da casa, com tons quentes de amarelo e vermelho.<\/p>\n<p><\/p>\n<p>Uma obra da d\u00e9cada de 1950<\/p>\n<p>A Spring House nasceu de um pedido do casal Clifton Lewis e George Lewis II (presidente do Lewis State Bank, o banco mais antigo da Fl\u00f3rida desde 1856), ainda em 1950. Ao que se sabe, a dupla esclareceu que tinha \u201cmuitos filhos e pouco dinheiro\u201d.<\/p>\n<p>\u00a0<\/p>\n<p>Assim, embora Wright tenha concordado em realizar o projeto, ele construiu algo <strong><a href=\"https:\/\/nautica.com.br\/capsula-james-bond-anunciada\/\" rel=\"nofollow noopener\" target=\"_blank\">muito menor<\/a><\/strong> do que estava acostumado. Afinal, ele assinou projetos ic\u00f4nicos como a Fallingwater e o Monona Terrace Community and Convention Center.<\/p>\n<p><img loading=\"lazy\" decoding=\"async\" class=\"wp-image-188356 size-full lazyload\" src=\"https:\/\/www.europesays.com\/pt\/wp-content\/uploads\/2025\/09\/Fallingwater.jpg\" alt=\"\" width=\"920\" height=\"613\"  data- style=\"--smush-placeholder-width: 920px; --smush-placeholder-aspect-ratio: 920\/613;\"\/>A Fallingwater, ou \u201cCasa da Cascata\u201d, \u00e9 um museu-casa localizado em Stewart, Pensilv\u00e2nia (EUA). Foto: Carol M. Highsmith \/ Wikimedia Commons \/ Reprodu\u00e7\u00e3o<br \/>\n<img loading=\"lazy\" decoding=\"async\" class=\"size-full wp-image-188355 lazyload\" src=\"https:\/\/www.europesays.com\/pt\/wp-content\/uploads\/2025\/09\/MononaTerraceClose.jpg\" alt=\"\" width=\"920\" height=\"613\"  data- style=\"--smush-placeholder-width: 920px; --smush-placeholder-aspect-ratio: 920\/613;\"\/>Monona Terrace \u00e9 um centro de conven\u00e7\u00f5es \u00e0s margens do Lago Monona, em Madison, Wisconsin (EUA). Foto: Emery \/ Wikimedia Commons \/ Reprodu\u00e7\u00e3o<\/p>\n<p>Desde que foi entregue, em 1954, a casa em formato de barco permanece na fam\u00edlia Lewis, que n\u00e3o parece ter dado \u00e0 resid\u00eancia os devidos cuidados. Em 2014 o im\u00f3vel foi adicionado \u00e0 lista dos <strong><a href=\"https:\/\/nautica.com.br\/barco-tenente-loretti-abandonado-rio\/\" rel=\"nofollow noopener\" target=\"_blank\">lugares hist\u00f3ricos mais amea\u00e7ados<\/a><\/strong> do pa\u00eds pelo National Trust for Historic Places.<\/p>\n<p><img loading=\"lazy\" decoding=\"async\" class=\"size-full wp-image-188353 lazyload\" src=\"https:\/\/www.europesays.com\/pt\/wp-content\/uploads\/2025\/09\/casa-barco-9.jpg\" alt=\"\" width=\"920\" height=\"613\"  data- style=\"--smush-placeholder-width: 920px; --smush-placeholder-aspect-ratio: 920\/613;\"\/>Foto: Nancy O\u2019Brien Sunlight \/ NAI TALCOR \/ Divulga\u00e7\u00e3o<br \/>\n<img loading=\"lazy\" decoding=\"async\" class=\"size-full wp-image-188354 lazyload\" src=\"https:\/\/www.europesays.com\/pt\/wp-content\/uploads\/2025\/09\/casa-barco-1.jpg\" alt=\"\" width=\"920\" height=\"613\"  data- style=\"--smush-placeholder-width: 920px; --smush-placeholder-aspect-ratio: 920\/613;\"\/>Foto: Nancy O\u2019Brien Sunlight \/ NAI TALCOR \/ Divulga\u00e7\u00e3o<\/p>\n<p>Tamb\u00e9m por isso, o agente imobili\u00e1rio Brian Proctor, respons\u00e1vel pela <strong><a href=\"https:\/\/www.naiglobal.com\/listings\/?propertyId=3117-Okeeheepkee-Road\" target=\"_blank\" rel=\"noopener nofollow\">venda na NAI Global<\/a><\/strong>, n\u00e3o esconde: o pr\u00f3ximo propriet\u00e1rio da Spring House ter\u00e1 que lidar com manuten\u00e7\u00f5es que foram adiadas, desde pequenos problemas estruturais at\u00e9 uma <strong><a href=\"https:\/\/nautica.com.br\/homem-compra-reforma-farol-120-anos\/\" rel=\"nofollow noopener\" target=\"_blank\">reforma<\/a> <\/strong>externa.<\/p>\n<p>\u00a0<\/p>\n<p>Assim, apesar do atual an\u00fancio de venda, que parte dos US$ 2,1 milh\u00f5es (cerca de R$ 11,4 milh\u00f5es na convers\u00e3o de setembro de 2025),\u00a0o pr\u00f3ximo dono deste im\u00f3vel hist\u00f3rico poder\u00e1 desembolsar valores ainda mais altos.<\/p>\n<p>\u00a0<\/p>\n","protected":false},"excerpt":{"rendered":"N\u00e3o \u00e9 apenas uma casa em formato de barco: \u00e9 uma casa em formato de barco projetada por&hellip;\n","protected":false},"author":2,"featured_media":73213,"comment_status":"","ping_status":"","sticky":false,"template":"","format":"standard","meta":{"footnotes":""},"categories":[144],"tags":[207,205,206,203,201,202,204,114,115,32,33],"class_list":{"0":"post-73212","1":"post","2":"type-post","3":"status-publish","4":"format-standard","5":"has-post-thumbnail","7":"category-arte-e-design","8":"tag-arte","9":"tag-arte-e-design","10":"tag-artedesign","11":"tag-arts","12":"tag-arts-and-design","13":"tag-artsanddesign","14":"tag-design","15":"tag-entertainment","16":"tag-entretenimento","17":"tag-portugal","18":"tag-pt"},"share_on_mastodon":{"url":"","error":""},"_links":{"self":[{"href":"https:\/\/www.europesays.com\/pt\/wp-json\/wp\/v2\/posts\/73212","targetHints":{"allow":["GET"]}}],"collection":[{"href":"https:\/\/www.europesays.com\/pt\/wp-json\/wp\/v2\/posts"}],"about":[{"href":"https:\/\/www.europesays.com\/pt\/wp-json\/wp\/v2\/types\/post"}],"author":[{"embeddable":true,"href":"https:\/\/www.europesays.com\/pt\/wp-json\/wp\/v2\/users\/2"}],"replies":[{"embeddable":true,"href":"https:\/\/www.europesays.com\/pt\/wp-json\/wp\/v2\/comments?post=73212"}],"version-history":[{"count":0,"href":"https:\/\/www.europesays.com\/pt\/wp-json\/wp\/v2\/posts\/73212\/revisions"}],"wp:featuredmedia":[{"embeddable":true,"href":"https:\/\/www.europesays.com\/pt\/wp-json\/wp\/v2\/media\/73213"}],"wp:attachment":[{"href":"https:\/\/www.europesays.com\/pt\/wp-json\/wp\/v2\/media?parent=73212"}],"wp:term":[{"taxonomy":"category","embeddable":true,"href":"https:\/\/www.europesays.com\/pt\/wp-json\/wp\/v2\/categories?post=73212"},{"taxonomy":"post_tag","embeddable":true,"href":"https:\/\/www.europesays.com\/pt\/wp-json\/wp\/v2\/tags?post=73212"}],"curies":[{"name":"wp","href":"https:\/\/api.w.org\/{rel}","templated":true}]}}