{"id":73300,"date":"2025-09-16T03:01:09","date_gmt":"2025-09-16T03:01:09","guid":{"rendered":"https:\/\/www.europesays.com\/pt\/73300\/"},"modified":"2025-09-16T03:01:09","modified_gmt":"2025-09-16T03:01:09","slug":"k-pop-na-edicao-de-2027-do-the-town-vice-presidente-do-festival-responde","status":"publish","type":"post","link":"https:\/\/www.europesays.com\/pt\/73300\/","title":{"rendered":"K-pop na edi\u00e7\u00e3o de 2027 do The Town? vice-presidente do festival responde"},"content":{"rendered":"<p>O The Town voltar\u00e1 a S\u00e3o Paulo em 2027, mantendo o formato de acontecer em anos alternados ao Rock in Rio. A confirma\u00e7\u00e3o foi feita pela Rock World, com <strong>Roberta Medina<\/strong>, a vice-presidente da empresa, e pela Prefeitura da cidade. Em 2025, o festival reuniu cerca de 420 mil pessoas no Aut\u00f3dromo de Interlagos e movimentou R$ 2,2 bilh\u00f5es na economia paulista, consolidando-se como um dos maiores eventos musicais da Am\u00e9rica Latina.<\/p>\n<p>Segundo<strong>\u00a0Medina<\/strong>, as negocia\u00e7\u00f5es para o pr\u00f3ximo lineup j\u00e1 come\u00e7aram e o <a href=\"https:\/\/recreio.com.br\/tags\/k-pop\" target=\"_blank\" rel=\"noopener nofollow\">K-pop<\/a> est\u00e1 entre os g\u00eaneros cotados. \u201cJ\u00e1 fizemos conversas. N\u00e3o vou dizer com quem, para voc\u00eas n\u00e3o ficarem nervosos. Fizemos conversas, mas as agendas s\u00e3o muito dif\u00edceis\u201d, explicou.<\/p>\n<p> K-pop em festivais brasileiros <\/p>\n<p>A presen\u00e7a de <a href=\"https:\/\/recreio.com.br\/noticias\/entretenimento\/a-curiosa-expressao-brasileira-que-fez-sucesso-na-coreia-do-sul-e-faz-parte-da-lingua-coreana.phtml\" target=\"_blank\" rel=\"noopener nofollow\">artistas sul-coreanos<\/a> em festivais no Brasil \u00e9 recente, mas vem crescendo rapidamente. Em 2026, o g\u00eanero ter\u00e1 espa\u00e7o de destaque no Lollapalooza Brasil, programado para os dias 20, 21 e 22 de mar\u00e7o, tamb\u00e9m em S\u00e3o Paulo. Entre os grupos confirmados est\u00e3o RIIZE, da SM Entertainment, e KATSEYE, formado pelo programa global The Debut: Dream Academy, produzido pela <a href=\"https:\/\/www.hybecorp.com\/kor\/main\" target=\"_blank\" rel=\"noopener nofollow\">HYBE<\/a>.<\/p>\n<p>O RIIZE, que estreou em 2023, \u00e9 apontado como um dos principais nomes da nova gera\u00e7\u00e3o do K-pop, conquistando f\u00e3s com grandes performances e n\u00fameros expressivos em vendas. J\u00e1 o KATSEYE representa um projeto internacional com integrantes de diferentes pa\u00edses, e sua estreia no Brasil \u00e9 aguardada com expectativa.<\/p>\n<p> Sobre o KATSEYE\u00a0 <\/p>\n<p>O <a href=\"https:\/\/www.instagram.com\/katseyeworld\/\" target=\"_blank\" rel=\"noopener nofollow\">KATSEYE<\/a>\u00a0\u00e9 um grupo feminino global formado em 2024 em Los Angeles, nos Estados Unidos, a partir do reality show \u201cThe Debut: Dream Academy\u201d. O grupo \u00e9 uma parceria entre a Hybe e a Geffen Records. As seis integrantes t\u00eam diversas nacionalidades, incluindo americana, su\u00ed\u00e7a e filipina. <\/p>\n<p>O single de estreia \u201cDebut\u201d foi lan\u00e7ado em junho de 2024, e o EP \u201cSIS (Soft Is Strong)\u201d saiu em agosto. O grupo alcan\u00e7ou notoriedade com os singles \u201c<a href=\"https:\/\/pt.wikipedia.org\/wiki\/Katseye\" target=\"_blank\" rel=\"noopener nofollow\">Gnarly<\/a>\u201d e \u201cGabriela\u201d, lan\u00e7ados neste ano de 2025, entrando na parada Billboard Hot 100, e com apresenta\u00e7\u00f5es em festivais como o Lollapalooza.<\/p>\n<p>\t                                            <script async src=\"\/\/www.instagram.com\/embed.js\"><\/script><\/p>\n","protected":false},"excerpt":{"rendered":"O The Town voltar\u00e1 a S\u00e3o Paulo em 2027, mantendo o formato de acontecer em anos alternados ao&hellip;\n","protected":false},"author":2,"featured_media":54947,"comment_status":"","ping_status":"","sticky":false,"template":"","format":"standard","meta":{"footnotes":""},"categories":[141],"tags":[114,115,1688,8005,6378,149,150,32,33,19391,11077],"class_list":{"0":"post-73300","1":"post","2":"type-post","3":"status-publish","4":"format-standard","5":"has-post-thumbnail","7":"category-musica","8":"tag-entertainment","9":"tag-entretenimento","10":"tag-k-pop","11":"tag-katseye","12":"tag-lollapalooza","13":"tag-music","14":"tag-musica","15":"tag-portugal","16":"tag-pt","17":"tag-riize","18":"tag-the-town"},"share_on_mastodon":{"url":"","error":""},"_links":{"self":[{"href":"https:\/\/www.europesays.com\/pt\/wp-json\/wp\/v2\/posts\/73300","targetHints":{"allow":["GET"]}}],"collection":[{"href":"https:\/\/www.europesays.com\/pt\/wp-json\/wp\/v2\/posts"}],"about":[{"href":"https:\/\/www.europesays.com\/pt\/wp-json\/wp\/v2\/types\/post"}],"author":[{"embeddable":true,"href":"https:\/\/www.europesays.com\/pt\/wp-json\/wp\/v2\/users\/2"}],"replies":[{"embeddable":true,"href":"https:\/\/www.europesays.com\/pt\/wp-json\/wp\/v2\/comments?post=73300"}],"version-history":[{"count":0,"href":"https:\/\/www.europesays.com\/pt\/wp-json\/wp\/v2\/posts\/73300\/revisions"}],"wp:featuredmedia":[{"embeddable":true,"href":"https:\/\/www.europesays.com\/pt\/wp-json\/wp\/v2\/media\/54947"}],"wp:attachment":[{"href":"https:\/\/www.europesays.com\/pt\/wp-json\/wp\/v2\/media?parent=73300"}],"wp:term":[{"taxonomy":"category","embeddable":true,"href":"https:\/\/www.europesays.com\/pt\/wp-json\/wp\/v2\/categories?post=73300"},{"taxonomy":"post_tag","embeddable":true,"href":"https:\/\/www.europesays.com\/pt\/wp-json\/wp\/v2\/tags?post=73300"}],"curies":[{"name":"wp","href":"https:\/\/api.w.org\/{rel}","templated":true}]}}