{"id":73316,"date":"2025-09-16T03:25:14","date_gmt":"2025-09-16T03:25:14","guid":{"rendered":"https:\/\/www.europesays.com\/pt\/73316\/"},"modified":"2025-09-16T03:25:14","modified_gmt":"2025-09-16T03:25:14","slug":"a-declaracao-emotiva-de-bernardo-sousa-a-bruna-gomes-que-emocionou-a-internet-o-vosso-amor-e-lindo-secret-story","status":"publish","type":"post","link":"https:\/\/www.europesays.com\/pt\/73316\/","title":{"rendered":"A declara\u00e7\u00e3o emotiva de Bernardo Sousa a Bruna Gomes que emocionou a Internet: \u00abO vosso amor \u00e9 lindo\u00bb &#8211; Secret Story"},"content":{"rendered":"<p>Bruna Gomes come\u00e7ou ontem um novo projeto profissional, como comentadora das galas do Secret Story 9 e o marido, Bernardo Sousa, n\u00e3o deixou passar a oportunidade para elogiar Bruna e dar-lhe for\u00e7a nesta nova etapa.\u00a0<\/p>\n<p>\u00abVamos la meu amor. \u00c9s a melhor e maior!! O respeito , empatia e educa\u00e7\u00e3o \u00e9 sempre superior\u2026 nada compra isso, e tiveste isso esse de raiz de gra\u00e7a , de ber\u00e7o. Vamos l\u00e1 a mais uma temporada de luta!!! Nada , nem ningu\u00e9m vai mudar isso, e no final do dia \u00e9 isso que conta! Te amo \u2764\ufe0f\u00bb, escreveu.<\/p>\n<blockquote class=\"instagram-media\" data-instgrm-captioned=\"\" data-instgrm-permalink=\"https:\/\/www.instagram.com\/p\/DOmKR4yCPt7\/?utm_source=ig_embed&amp;utm_campaign=loading\" data-instgrm-version=\"14\" style=\" background:#FFF; border:0; border-radius:3px; box-shadow:0 0 1px 0 rgba(0,0,0,0.5),0 1px 10px 0 rgba(0,0,0,0.15); margin: 1px; max-width:540px; min-width:326px; padding:0; width:99.375%; width:-webkit-calc(100% - 2px); width:calc(100% - 2px);\">\n<\/blockquote>\n<p>\u00a0<\/p>\n<p>Na caixa de coment\u00e1rios s\u00e3o v\u00e1rios os elogios \u00e0 rela\u00e7\u00e3o e Bruna e Bernardo: \u00abO vosso Amor \u00e9 lindo, voc\u00eas s\u00e3o muito especiais \u2764\ufe0f\u2764\ufe0f\u00bb; \u00abQue linda mensagem, parab\u00e9ns Bernardo Sousa pelas maravilhosas palavras, voc\u00eas s\u00e3o especiais \u2764\ufe0f\u2764\ufe0f\u00bb, l\u00ea-se.<\/p>\n<p>J\u00e1 antes de come\u00e7ar a gala, Bruna tinha deixado uma mensagem nas redes sociais: \u00abVai come\u00e7ar mais uma aventura. Muito feliz pela oportunidade de estar aqui. Obrigada por toda a for\u00e7a que me enviam em cada projeto.\u00a0Esperem o de sempre: amor e humor. N\u00e3o \u00e9 sobre mim, n\u00e3o sou de times, sou das pessoas e esse programa \u00e9 s\u00f3 sobre elas. Beijo enorme\u00bb, escreveu.\u00a0<\/p>\n<p>Percorra a galeria de fotografias que prepar\u00e1mos para si com as melhores imagens de Bruna e Bernardo.<\/p>\n<p>                        <script async src=\"\/\/www.instagram.com\/embed.js\"><\/script><\/p>\n","protected":false},"excerpt":{"rendered":"Bruna Gomes come\u00e7ou ontem um novo projeto profissional, como comentadora das galas do Secret Story 9 e o&hellip;\n","protected":false},"author":2,"featured_media":73317,"comment_status":"","ping_status":"","sticky":false,"template":"","format":"standard","meta":{"footnotes":""},"categories":[145],"tags":[18706,1040,800,211,210,114,115,18705,32,33,18704],"class_list":{"0":"post-73316","1":"post","2":"type-post","3":"status-publish","4":"format-standard","5":"has-post-thumbnail","7":"category-celebridades","8":"tag-bastidores-secret-story","9":"tag-bernardo-sousa","10":"tag-bruna-gomes","11":"tag-celebridades","12":"tag-celebrities","13":"tag-entertainment","14":"tag-entretenimento","15":"tag-entrevistas-concorrentes-tvi","16":"tag-portugal","17":"tag-pt","18":"tag-vida-fora-da-casa"},"share_on_mastodon":{"url":"","error":""},"_links":{"self":[{"href":"https:\/\/www.europesays.com\/pt\/wp-json\/wp\/v2\/posts\/73316","targetHints":{"allow":["GET"]}}],"collection":[{"href":"https:\/\/www.europesays.com\/pt\/wp-json\/wp\/v2\/posts"}],"about":[{"href":"https:\/\/www.europesays.com\/pt\/wp-json\/wp\/v2\/types\/post"}],"author":[{"embeddable":true,"href":"https:\/\/www.europesays.com\/pt\/wp-json\/wp\/v2\/users\/2"}],"replies":[{"embeddable":true,"href":"https:\/\/www.europesays.com\/pt\/wp-json\/wp\/v2\/comments?post=73316"}],"version-history":[{"count":0,"href":"https:\/\/www.europesays.com\/pt\/wp-json\/wp\/v2\/posts\/73316\/revisions"}],"wp:featuredmedia":[{"embeddable":true,"href":"https:\/\/www.europesays.com\/pt\/wp-json\/wp\/v2\/media\/73317"}],"wp:attachment":[{"href":"https:\/\/www.europesays.com\/pt\/wp-json\/wp\/v2\/media?parent=73316"}],"wp:term":[{"taxonomy":"category","embeddable":true,"href":"https:\/\/www.europesays.com\/pt\/wp-json\/wp\/v2\/categories?post=73316"},{"taxonomy":"post_tag","embeddable":true,"href":"https:\/\/www.europesays.com\/pt\/wp-json\/wp\/v2\/tags?post=73316"}],"curies":[{"name":"wp","href":"https:\/\/api.w.org\/{rel}","templated":true}]}}