{"id":73318,"date":"2025-09-16T03:28:08","date_gmt":"2025-09-16T03:28:08","guid":{"rendered":"https:\/\/www.europesays.com\/pt\/73318\/"},"modified":"2025-09-16T03:28:08","modified_gmt":"2025-09-16T03:28:08","slug":"eu-interessei-me-genuinamente-por-ela-mas-da-parte-dela-acho-que-e-dylan-expoe-o-que-sente-secret-story","status":"publish","type":"post","link":"https:\/\/www.europesays.com\/pt\/73318\/","title":{"rendered":"\u00abEu interessei-me genuinamente por ela, mas da parte dela acho que \u00e9&#8230;\u00bb: Dylan exp\u00f5e o que sente &#8211; Secret Story"},"content":{"rendered":"<p>No\u00a0<a href=\"https:\/\/tvi.iol.pt\/secretstory\/\" target=\"_blank\" rel=\"nofollow noopener\"><strong>Secret Story &#8211; Casa dos Segredos 9<\/strong><\/a>, Dylan est\u00e1 a conversar com Bruno Miguel e parece estar a falar de um interesse rom\u00e2ntico que est\u00e1 a sentir por uma determinada concorrente. Tudo parece que est\u00e1 a falar de Vera. O concorrente diz que da sua parte \u00e9 &#8220;genu\u00edno&#8221;, mas acredita que da parte dela n\u00e3o \u00e9.\u00a0<\/p>\n<p>VEJA TAMB\u00c9M:\u00a0<a href=\"https:\/\/tvi.iol.pt\/secretstory\/segredos\/15-09-2025\/tenho-um-altar-de-objetos-sexuais-conheca-todos-os-segredos-bombasticos-do-novo-secret-story\" wbo-id=\"58\" rel=\"nofollow noopener\" target=\"_blank\"><b>Conhe\u00e7a todos os segredos bomb\u00e1sticos do novo Secret Story<\/b><\/a><\/p>\n","protected":false},"excerpt":{"rendered":"No\u00a0Secret Story &#8211; Casa dos Segredos 9, Dylan est\u00e1 a conversar com Bruno Miguel e parece estar a&hellip;\n","protected":false},"author":2,"featured_media":73319,"comment_status":"","ping_status":"","sticky":false,"template":"","format":"standard","meta":{"footnotes":""},"categories":[142],"tags":[114,115,19033,19034,32,33,151,19032],"class_list":{"0":"post-73318","1":"post","2":"type-post","3":"status-publish","4":"format-standard","5":"has-post-thumbnail","7":"category-tv","8":"tag-entertainment","9":"tag-entretenimento","10":"tag-galas-em-video","11":"tag-melhores-momentos-casa-dos-segredos","12":"tag-portugal","13":"tag-pt","14":"tag-tv","15":"tag-videos-secret-story-tvi"},"share_on_mastodon":{"url":"","error":""},"_links":{"self":[{"href":"https:\/\/www.europesays.com\/pt\/wp-json\/wp\/v2\/posts\/73318","targetHints":{"allow":["GET"]}}],"collection":[{"href":"https:\/\/www.europesays.com\/pt\/wp-json\/wp\/v2\/posts"}],"about":[{"href":"https:\/\/www.europesays.com\/pt\/wp-json\/wp\/v2\/types\/post"}],"author":[{"embeddable":true,"href":"https:\/\/www.europesays.com\/pt\/wp-json\/wp\/v2\/users\/2"}],"replies":[{"embeddable":true,"href":"https:\/\/www.europesays.com\/pt\/wp-json\/wp\/v2\/comments?post=73318"}],"version-history":[{"count":0,"href":"https:\/\/www.europesays.com\/pt\/wp-json\/wp\/v2\/posts\/73318\/revisions"}],"wp:featuredmedia":[{"embeddable":true,"href":"https:\/\/www.europesays.com\/pt\/wp-json\/wp\/v2\/media\/73319"}],"wp:attachment":[{"href":"https:\/\/www.europesays.com\/pt\/wp-json\/wp\/v2\/media?parent=73318"}],"wp:term":[{"taxonomy":"category","embeddable":true,"href":"https:\/\/www.europesays.com\/pt\/wp-json\/wp\/v2\/categories?post=73318"},{"taxonomy":"post_tag","embeddable":true,"href":"https:\/\/www.europesays.com\/pt\/wp-json\/wp\/v2\/tags?post=73318"}],"curies":[{"name":"wp","href":"https:\/\/api.w.org\/{rel}","templated":true}]}}