{"id":73324,"date":"2025-09-16T03:39:16","date_gmt":"2025-09-16T03:39:16","guid":{"rendered":"https:\/\/www.europesays.com\/pt\/73324\/"},"modified":"2025-09-16T03:39:16","modified_gmt":"2025-09-16T03:39:16","slug":"eliminada-da-danca-dos-famosos-fernanda-paes-leme-ganha-nova-funcao-no-domingao-com-huck","status":"publish","type":"post","link":"https:\/\/www.europesays.com\/pt\/73324\/","title":{"rendered":"Eliminada da Dan\u00e7a dos Famosos, Fernanda Paes Leme ganha nova fun\u00e7\u00e3o no Doming\u00e3o com Huck"},"content":{"rendered":"<p>Eliminada da <strong>Dan\u00e7a dos Famosos 2025<\/strong> na primeira semana &#8211; Catia Fonseca tamb\u00e9m deixou a competi\u00e7\u00e3o na mesma data -, Fernanda Paes Leme n\u00e3o vai deixar de aparecer no Doming\u00e3o com Huck nas pr\u00f3ximas semanas.<\/p>\n<p>continua depois da publicidade<\/p>\n<p>Durante passagem pelo The Town no \u00faltimo final de semana, a atriz e apresentadora falou sobre a sua\u00a0participa\u00e7\u00e3o\u00a0rel\u00e2mpago no quadro e revelou que ser\u00e1 aproveitada em outra fun\u00e7\u00e3o no programa de Luciano Huck.<\/p>\n<p>+ <a href=\"https:\/\/natelinha.uol.com.br\/televisao\/2025\/09\/15\/situacao-de-galvao-bueno-na-band-e-insustentavel-e-saida-deve-ser-antecipada-231316.php\" rel=\"nofollow noopener\" target=\"_blank\">Situa\u00e7\u00e3o de Galv\u00e3o Bueno na Band \u00e9 insustent\u00e1vel e sa\u00edda deve ser antecipada<\/a><\/p>\n<p>+ <a href=\"https:\/\/natelinha.uol.com.br\/famosos\/2025\/09\/15\/ticiane-pinheiro-faz-suspense-sobre-saida-da-record-e-mudanca-para-a-globo-231311.php\" rel=\"nofollow noopener\" target=\"_blank\">Ticiane Pinheiro faz suspense sobre sa\u00edda da Record e mudan\u00e7a para a Globo<\/a><\/p>\n<p>&#8220;Foi uma experi\u00eancia incr\u00edvel, eu n\u00e3o queria ter sa\u00eddo. Eu chorei e fiquei muito triste, porque a gente fez um elenco foi muito unido. Mas de eliminada eu fui efetivada&#8221;, contou <a href=\"https:\/\/natelinha.uol.com.br\/famosos\/tudo-sobre\/fernanda-paes-leme\" rel=\"nofollow noopener\" target=\"_blank\">Fernanda Paes Leme<\/a> em entrevista ao Gshow.<\/p>\n<p>continua depois da publicidade<\/p>\n<p>&#8220;Eu n\u00e3o vou mais dan\u00e7ar, mas vou mostrar muita coisa para todo mundo l\u00e1 de casa&#8221;, adiantou Fepa, explicando que ser\u00e1 uma rep\u00f3rter de bastidor.<\/p>\n<p>Fernanda Paes Leme\u00a0revela ajuda do ex-noivo<\/p>\n<p><img decoding=\"async\" loading=\"lazy\" class=\"horizontal\" src=\"https:\/\/www.europesays.com\/pt\/wp-content\/uploads\/2025\/09\/fernanda-paes-leme_1400.jpeg\" alt=\"Eliminada da Dan\u00e7a dos Famosos, Fernanda Paes Leme ganha nova fun\u00e7\u00e3o no Doming\u00e3o com Huck\"\/><\/p>\n<p>No papo, Fernanda Paes Leme tamb\u00e9m falou sobre os dias longe da filha, Pilar &#8211; como a Dan\u00e7a dos Famosos \u00e9 gravada no Rio de Janeiro e ela mora em S\u00e3o Paulo, a garotinha tem ficado com o pai, o empres\u00e1rio Victor Sampaio, de quem a famosa se separou recentemente.<\/p>\n<p>&#8220;Al\u00e9m da da bab\u00e1 da Pilar, que \u00e9 uma mulher maravilhosa, tem a minha m\u00e3e, que \u00e9 muito participativa, e o pai dela, o Vitor, que independentemente de n\u00e3o estarmos juntos mais, me d\u00e1 muita for\u00e7a, me apoia muito no trabalho e tem amor incondicional pela filha. Ent\u00e3o eu me sinto muito tranquila nos dias em que eu tenho que ir ao Rio trabalhar&#8221;, disse.<\/p>\n<p>continua depois da publicidade<\/p>\n","protected":false},"excerpt":{"rendered":"Eliminada da Dan\u00e7a dos Famosos 2025 na primeira semana &#8211; Catia Fonseca tamb\u00e9m deixou a competi\u00e7\u00e3o na mesma&hellip;\n","protected":false},"author":2,"featured_media":73325,"comment_status":"","ping_status":"","sticky":false,"template":"","format":"standard","meta":{"footnotes":""},"categories":[145],"tags":[211,210,114,115,6351,32,33],"class_list":{"0":"post-73324","1":"post","2":"type-post","3":"status-publish","4":"format-standard","5":"has-post-thumbnail","7":"category-celebridades","8":"tag-celebridades","9":"tag-celebrities","10":"tag-entertainment","11":"tag-entretenimento","12":"tag-fernanda-paes-leme","13":"tag-portugal","14":"tag-pt"},"share_on_mastodon":{"url":"","error":""},"_links":{"self":[{"href":"https:\/\/www.europesays.com\/pt\/wp-json\/wp\/v2\/posts\/73324","targetHints":{"allow":["GET"]}}],"collection":[{"href":"https:\/\/www.europesays.com\/pt\/wp-json\/wp\/v2\/posts"}],"about":[{"href":"https:\/\/www.europesays.com\/pt\/wp-json\/wp\/v2\/types\/post"}],"author":[{"embeddable":true,"href":"https:\/\/www.europesays.com\/pt\/wp-json\/wp\/v2\/users\/2"}],"replies":[{"embeddable":true,"href":"https:\/\/www.europesays.com\/pt\/wp-json\/wp\/v2\/comments?post=73324"}],"version-history":[{"count":0,"href":"https:\/\/www.europesays.com\/pt\/wp-json\/wp\/v2\/posts\/73324\/revisions"}],"wp:featuredmedia":[{"embeddable":true,"href":"https:\/\/www.europesays.com\/pt\/wp-json\/wp\/v2\/media\/73325"}],"wp:attachment":[{"href":"https:\/\/www.europesays.com\/pt\/wp-json\/wp\/v2\/media?parent=73324"}],"wp:term":[{"taxonomy":"category","embeddable":true,"href":"https:\/\/www.europesays.com\/pt\/wp-json\/wp\/v2\/categories?post=73324"},{"taxonomy":"post_tag","embeddable":true,"href":"https:\/\/www.europesays.com\/pt\/wp-json\/wp\/v2\/tags?post=73324"}],"curies":[{"name":"wp","href":"https:\/\/api.w.org\/{rel}","templated":true}]}}